{"id":2208,"date":"2020-02-05T00:00:00","date_gmt":"2020-02-04T23:00:00","guid":{"rendered":"http:\/\/sehlde.info\/content\/?p=2208"},"modified":"2025-06-16T10:35:37","modified_gmt":"2025-06-16T08:35:37","slug":"wieder-kinderfasching-in-sehlde","status":"publish","type":"post","link":"https:\/\/sehlde.info\/content\/2020\/02\/wieder-kinderfasching-in-sehlde\/","title":{"rendered":"Wieder Kinderfasching in Sehlde!"},"content":{"rendered":"\n<ul class=\"wp-block-list\"><li>Samstag, 22. Februar 2020<\/li><li>Einlass: 14.30 Uhr, Beginn 15.00 Uhr<\/li><li>Eintritt frei<\/li><li>Spiel und Spa\u00df f\u00fcr die Kleinen<\/li><li>Kaffee, Kuchen und Mehr f\u00fcr die Gro\u00dfen<\/li><li><a href=\"https:\/\/sehlde.info\/content\/event\/kinderfasching-4\/\">Anfahrt und Details hier<\/a><\/li><\/ul>\n\n\n\n<p>Die Narren sind bald wieder los &#8211; und das auch in Sehlde. Der SPD-Ortsverein Sehlde veranstaltet am 22. Februar 2020 wieder eine Faschingsfeier f\u00fcr Kinder. Wie in den Vorjahren soll es wieder ein buntes Programm aus Spielen, Musik und Unterhaltung geben. Mitorganisatorin Das Organisationsteam ist besonders stolz darauf, dass der DJ dieses Jahr aus demeignen Ort kommt. Um den Nachwuchs k\u00fcmmern sich  ebenfalls Helfer aus Sehlde. Erster Vorsitzender, Reinhard P\u00e4sler, bedankt sich bereits vor der Veranstaltung f\u00fcr die gro\u00dfartige Unterst\u00fctzung. Er merkt an, dass das diesj\u00e4hrige Team der Jugendlichen bis vor ein paar Jahren noch als Gast zum Kinderfasching gekommen ist.<\/p>\n\n\n\n<figure class=\"wp-block-image size-large\"><img loading=\"lazy\" decoding=\"async\" width=\"723\" height=\"1024\" src=\"https:\/\/sehlde.info\/content\/wp-content\/uploads\/2020\/02\/2020-02-01-SPD-Plakat-Kinderkarneval-2020-723x1024.jpg\" alt=\"\" class=\"wp-image-2209\" srcset=\"https:\/\/sehlde.info\/content\/wp-content\/uploads\/2020\/02\/2020-02-01-SPD-Plakat-Kinderkarneval-2020-723x1024.jpg 723w, https:\/\/sehlde.info\/content\/wp-content\/uploads\/2020\/02\/2020-02-01-SPD-Plakat-Kinderkarneval-2020-212x300.jpg 212w, https:\/\/sehlde.info\/content\/wp-content\/uploads\/2020\/02\/2020-02-01-SPD-Plakat-Kinderkarneval-2020-106x150.jpg 106w, https:\/\/sehlde.info\/content\/wp-content\/uploads\/2020\/02\/2020-02-01-SPD-Plakat-Kinderkarneval-2020-768x1088.jpg 768w, https:\/\/sehlde.info\/content\/wp-content\/uploads\/2020\/02\/2020-02-01-SPD-Plakat-Kinderkarneval-2020-100x142.jpg 100w, https:\/\/sehlde.info\/content\/wp-content\/uploads\/2020\/02\/2020-02-01-SPD-Plakat-Kinderkarneval-2020-150x212.jpg 150w, https:\/\/sehlde.info\/content\/wp-content\/uploads\/2020\/02\/2020-02-01-SPD-Plakat-Kinderkarneval-2020-200x283.jpg 200w, https:\/\/sehlde.info\/content\/wp-content\/uploads\/2020\/02\/2020-02-01-SPD-Plakat-Kinderkarneval-2020-300x425.jpg 300w, https:\/\/sehlde.info\/content\/wp-content\/uploads\/2020\/02\/2020-02-01-SPD-Plakat-Kinderkarneval-2020-450x637.jpg 450w, https:\/\/sehlde.info\/content\/wp-content\/uploads\/2020\/02\/2020-02-01-SPD-Plakat-Kinderkarneval-2020-600x850.jpg 600w, https:\/\/sehlde.info\/content\/wp-content\/uploads\/2020\/02\/2020-02-01-SPD-Plakat-Kinderkarneval-2020.jpg 793w\" sizes=\"auto, (max-width: 723px) 100vw, 723px\" \/><\/figure>\n\n\n\n<p><\/p>\n","protected":false},"excerpt":{"rendered":"<p>Samstag, 22. Februar 2020 Einlass: 14.30 Uhr, Beginn 15.00 Uhr Eintritt frei Spiel und Spa\u00df f\u00fcr die Kleinen Kaffee, Kuchen und Mehr f\u00fcr die Gro\u00dfen Anfahrt und Details hier Die &#8230; <a title=\"Wieder Kinderfasching in Sehlde!\" class=\"read-more\" href=\"https:\/\/sehlde.info\/content\/2020\/02\/wieder-kinderfasching-in-sehlde\/\" aria-label=\"Mehr Informationen \u00fcber Wieder Kinderfasching in Sehlde!\">Weiterlesen<\/a><\/p>\n","protected":false},"author":2,"featured_media":0,"comment_status":"open","ping_status":"open","sticky":false,"template":"","format":"standard","meta":{"footnotes":"","jetpack_publicize_message":"","jetpack_publicize_feature_enabled":true,"jetpack_social_post_already_shared":false,"jetpack_social_options":{"image_generator_settings":{"template":"highway","default_image_id":0,"font":"","enabled":false},"version":2}},"categories":[1,26],"tags":[],"class_list":["post-2208","post","type-post","status-publish","format-standard","hentry","category-allgemein","category-spd-ortsverein-sehlde"],"jetpack_publicize_connections":[],"_links":{"self":[{"href":"https:\/\/sehlde.info\/content\/wp-json\/wp\/v2\/posts\/2208","targetHints":{"allow":["GET"]}}],"collection":[{"href":"https:\/\/sehlde.info\/content\/wp-json\/wp\/v2\/posts"}],"about":[{"href":"https:\/\/sehlde.info\/content\/wp-json\/wp\/v2\/types\/post"}],"author":[{"embeddable":true,"href":"https:\/\/sehlde.info\/content\/wp-json\/wp\/v2\/users\/2"}],"replies":[{"embeddable":true,"href":"https:\/\/sehlde.info\/content\/wp-json\/wp\/v2\/comments?post=2208"}],"version-history":[{"count":3,"href":"https:\/\/sehlde.info\/content\/wp-json\/wp\/v2\/posts\/2208\/revisions"}],"predecessor-version":[{"id":2213,"href":"https:\/\/sehlde.info\/content\/wp-json\/wp\/v2\/posts\/2208\/revisions\/2213"}],"wp:attachment":[{"href":"https:\/\/sehlde.info\/content\/wp-json\/wp\/v2\/media?parent=2208"}],"wp:term":[{"taxonomy":"category","embeddable":true,"href":"https:\/\/sehlde.info\/content\/wp-json\/wp\/v2\/categories?post=2208"},{"taxonomy":"post_tag","embeddable":true,"href":"https:\/\/sehlde.info\/content\/wp-json\/wp\/v2\/tags?post=2208"}],"curies":[{"name":"wp","href":"https:\/\/api.w.org\/{rel}","templated":true}]}}