{"id":2731,"date":"2021-02-13T08:53:46","date_gmt":"2021-02-13T07:53:46","guid":{"rendered":"https:\/\/sehlde.info\/content\/?p=2731"},"modified":"2025-06-16T10:34:19","modified_gmt":"2025-06-16T08:34:19","slug":"alw-nimmt-muellabfuhr-ab-kommenden-montag-wieder-auf","status":"publish","type":"post","link":"https:\/\/sehlde.info\/content\/2021\/02\/alw-nimmt-muellabfuhr-ab-kommenden-montag-wieder-auf\/","title":{"rendered":"ALW nimmt M\u00fcllabfuhr ab kommenden Montag wieder auf"},"content":{"rendered":"\n<p>Presseinformation Landkreis Wolfenb\u00fcttel<\/p>\n\n\n\n<p>Das gab es in der Geschichte der Abfallwirtschaftsbetriebe im Landkreis Wolfenb\u00fcttel (ALW) noch nie: Wegen des vielen Schnees musste die M\u00fcllabfuhr f\u00fcr die ganze 6. Kalenderwoche ausfallen. Ab der kommenden Woche (KW 7) wird ab Montag, 15. Februar 2021, die M\u00fcllabfuhr wiederaufgenommen. <\/p>\n\n\n\n<!--more-->\n\n\n\n<p>Die Leerungen der Restabfall- und Wertstofftonnen werden, soweit m\u00f6glich, nachgeholt. Die Leerung des Papierabfalls kann nicht nachgeholt werden. In der kommenden Woche wird au\u00dferdem der Bioabfall nicht abgeholt \u2013 der ALW zieht hier die nachgeholte Restabfallleerung vor. Der ALW wird die ausgefallene Leerung der Wertstofftonnen in der kommenden Woche im zust\u00e4ndigen Bereich nachholen. Das betrifft die Wolfenb\u00fctteler Kernstadt sowie die Ortsteile Linden, Halchter und Wendessen. Im \u00fcbrigen Kreisgebiet kann die Wertstofftonnenleerung durch die  ALBA Niedersachsen-Anhalt GmbH leider nicht nachgeholt werden. Fragen hierzu k\u00f6nnen an die ALBA Niedersachsen-Anhalt GmbH gerichtet werden (0800-22 32 555). ALW bittet um Mithilfe \u201eEs liegt immer noch viel Schnee in den Nebenstra\u00dfen. Damit wir erfolgreich und gefahrlos leeren k\u00f6nnen, bitten wir um die Mithilfe der B\u00fcrgerinnen und B\u00fcrger. Nur gemeinsam k\u00f6nnen wir das Bestm\u00f6gliche erreichen\u201c, erkl\u00e4rt ALW-Werksleiterin Sandra Wehr. So k\u00f6nnen die Abfalltonnen beispielsweise an Stellen gebracht werden, wo die M\u00fcllwagen sie gut erreichen k\u00f6nnen \u2013 auch wenn es nicht der \u00fcbliche Stellplatz f\u00fcr die Abfuhr ist. Dazu k\u00f6nne man sich etwa mit den Nachbarn abstimmen, um eine gemeinsame Aufstellfl\u00e4che zu w\u00e4hlen. Parkende Autos sind gerade jetzt Hindernisse f\u00fcr die M\u00fcllwerker und deren Fahrzeuge. Daher ist es hilfreich, die Abholorte nicht zuzuparken und so die Durchfahrt zu verbessern. \u201eUns ist klar, dass das nicht f\u00fcr alle mal eben so umsetzbar ist, aber in derartigen Ausnahmesituationen hilft jede Unterst\u00fctzung\u201c, so Wehr. Sicherheit geht vor! Der ALW weist darauf hin, dass in der kommenden Woche nicht ger\u00e4umte oder aber auch durch ger\u00e4umte Schneemassen stark eingeengte Nebenstra\u00dfen und Stichwege sowie nicht gestreute Steigungen aus Sicherheitsgr\u00fcnden nicht befahren werden k\u00f6nnen. Die Einsch\u00e4tzung erfolgt durch den jeweiligen Fahrer des M\u00fcllwagens. F\u00fcr eine Leerung muss der Weg von den Abfalltonnen zum Sammelfahrzeig freiger\u00e4umt sein, damit die Tonnen zum Fahrzeug gezogen werden k\u00f6nnen. Das ist durch die Hauseigent\u00fcmerin oder-eigent\u00fcmer oder die Hausverwaltung zu erm\u00f6glichen. Die Beh\u00e4lter \u00fcber Schneeh\u00fcgel zu ziehen oder gar zu heben ist aufgrund des Gewichtes f\u00fcr die M\u00fcllwerker nicht m\u00f6glich. Wenn dadurch eine Restabfall- oder Wertstofftonnenleerung nicht nachgeholt werden kann, kann erst wieder zur n\u00e4chsten regul\u00e4ren Leerung abgeholt werden. \u201eWir werden selbstverst\u00e4ndlich alle Anstrengungen unternehmen, trotz der wetterbedingten Einschr\u00e4nkungen, die Abfuhr der Tonnen durchzuf\u00fchren. Wir bitten Sie um Ihr Verst\u00e4ndnis in dieser Ausnahmesituation\u201c, sagte Wehr. <div>Aktuelle Informationen unter <a href=\"http:\/\/www.alw-wf.de\" target=\"_blank\" rel=\"noreferrer noopener\">www.alw-wf.de<\/a><\/div><\/p>\n","protected":false},"excerpt":{"rendered":"<p>Presseinformation Landkreis Wolfenb\u00fcttel Das gab es in der Geschichte der Abfallwirtschaftsbetriebe im Landkreis Wolfenb\u00fcttel (ALW) noch nie: Wegen des vielen Schnees musste die M\u00fcllabfuhr f\u00fcr die ganze 6. Kalenderwoche ausfallen. &#8230; <a title=\"ALW nimmt M\u00fcllabfuhr ab kommenden Montag wieder auf\" class=\"read-more\" href=\"https:\/\/sehlde.info\/content\/2021\/02\/alw-nimmt-muellabfuhr-ab-kommenden-montag-wieder-auf\/\" aria-label=\"Mehr Informationen \u00fcber ALW nimmt M\u00fcllabfuhr ab kommenden Montag wieder auf\">Weiterlesen<\/a><\/p>\n","protected":false},"author":2,"featured_media":0,"comment_status":"open","ping_status":"open","sticky":false,"template":"","format":"standard","meta":{"footnotes":"","jetpack_publicize_message":"","jetpack_publicize_feature_enabled":true,"jetpack_social_post_already_shared":false,"jetpack_social_options":{"image_generator_settings":{"template":"highway","default_image_id":0,"font":"","enabled":false},"version":2}},"categories":[1,41],"tags":[],"class_list":["post-2731","post","type-post","status-publish","format-standard","hentry","category-allgemein","category-infos"],"jetpack_publicize_connections":[],"_links":{"self":[{"href":"https:\/\/sehlde.info\/content\/wp-json\/wp\/v2\/posts\/2731","targetHints":{"allow":["GET"]}}],"collection":[{"href":"https:\/\/sehlde.info\/content\/wp-json\/wp\/v2\/posts"}],"about":[{"href":"https:\/\/sehlde.info\/content\/wp-json\/wp\/v2\/types\/post"}],"author":[{"embeddable":true,"href":"https:\/\/sehlde.info\/content\/wp-json\/wp\/v2\/users\/2"}],"replies":[{"embeddable":true,"href":"https:\/\/sehlde.info\/content\/wp-json\/wp\/v2\/comments?post=2731"}],"version-history":[{"count":2,"href":"https:\/\/sehlde.info\/content\/wp-json\/wp\/v2\/posts\/2731\/revisions"}],"predecessor-version":[{"id":2733,"href":"https:\/\/sehlde.info\/content\/wp-json\/wp\/v2\/posts\/2731\/revisions\/2733"}],"wp:attachment":[{"href":"https:\/\/sehlde.info\/content\/wp-json\/wp\/v2\/media?parent=2731"}],"wp:term":[{"taxonomy":"category","embeddable":true,"href":"https:\/\/sehlde.info\/content\/wp-json\/wp\/v2\/categories?post=2731"},{"taxonomy":"post_tag","embeddable":true,"href":"https:\/\/sehlde.info\/content\/wp-json\/wp\/v2\/tags?post=2731"}],"curies":[{"name":"wp","href":"https:\/\/api.w.org\/{rel}","templated":true}]}}