{"id":2740,"date":"2021-03-13T18:17:19","date_gmt":"2021-03-13T17:17:19","guid":{"rendered":"https:\/\/sehlde.info\/content\/?p=2740"},"modified":"2025-06-16T10:34:17","modified_gmt":"2025-06-16T08:34:17","slug":"osterfeuer-und-strauchschnitt-abfuhr-abgesagt","status":"publish","type":"post","link":"https:\/\/sehlde.info\/content\/2021\/03\/osterfeuer-und-strauchschnitt-abfuhr-abgesagt\/","title":{"rendered":"Osterfeuer und Strauchschnitt-Abfuhr abgesagt"},"content":{"rendered":"\n<p>Wie der Sch\u00fctzenverein mitteilt, muss das f\u00fcr den 3. April geplante Osterfeuer und die dazugeh\u00f6rige Straucschnitt-Abfuhr leider ausfallen:<\/p>\n\n\n\n<p>F\u00fcr viele von euch kommt diese Nachricht bestimmt nicht \u00fcberaschend und dennoch verk\u00fcnden wir sie nicht gern:<br>Das geplante Osterfeuer haben wir auf 2022 verschoben, die Strauchschnittabfuhr ebenfalls.<\/p>\n\n\n\n<p><br>Wir hoffen auf ein sch\u00f6nes Osterfeuer im kommenden Jahr bei dem wir wieder gem\u00fctlich bei Bier, Bratwurst, Erbsensuppe und Stockbrot am Feuer stehen k\u00f6nnen. Beim Helferteam um J\u00f6rg Bollmeyer, das mit dem Osterfeuer 2019 f\u00fcr unseren Verein ein Zeichen des Aufbruchs gegeben<br>hat, bedanken wir uns nocheinmal ganz herzlich. Es waren viele Familien vertreten und ich erinnere mich noch gut an die leuchtenden Augen der vielen Kinder, als das Feuer mit Fackeln angesteckt werden durfte. Sp\u00e4ter am Abend war die Sch\u00fctzenhauswiese gut gef\u00fcllt und die Thekenmannschaft kam ordentlich ins schwitzen. Ich habe die Stimmung als sehr ausgelassen wargenommen und viele freundiche Gespr\u00e4che gef\u00fchrt.<br>Die sch\u00f6nen Erinnerungen und sehr positiven R\u00fcckmeldungen machen klar: Am 17. April 2022 wird es wieder ein sch\u00f6nes Osterfeuer in Sehlde geben!<\/p>\n","protected":false},"excerpt":{"rendered":"<p>Wie der Sch\u00fctzenverein mitteilt, muss das f\u00fcr den 3. April geplante Osterfeuer und die dazugeh\u00f6rige Straucschnitt-Abfuhr leider ausfallen: F\u00fcr viele von euch kommt diese Nachricht bestimmt nicht \u00fcberaschend und dennoch &#8230; <a title=\"Osterfeuer und Strauchschnitt-Abfuhr abgesagt\" class=\"read-more\" href=\"https:\/\/sehlde.info\/content\/2021\/03\/osterfeuer-und-strauchschnitt-abfuhr-abgesagt\/\" aria-label=\"Mehr Informationen \u00fcber Osterfeuer und Strauchschnitt-Abfuhr abgesagt\">Weiterlesen<\/a><\/p>\n","protected":false},"author":2,"featured_media":2741,"comment_status":"open","ping_status":"open","sticky":false,"template":"","format":"standard","meta":{"footnotes":"","jetpack_publicize_message":"","jetpack_publicize_feature_enabled":true,"jetpack_social_post_already_shared":false,"jetpack_social_options":{"image_generator_settings":{"template":"highway","default_image_id":0,"font":"","enabled":false},"version":2}},"categories":[1,41,32],"tags":[],"class_list":["post-2740","post","type-post","status-publish","format-standard","has-post-thumbnail","hentry","category-allgemein","category-infos","category-schuetzenverein"],"jetpack_publicize_connections":[],"_links":{"self":[{"href":"https:\/\/sehlde.info\/content\/wp-json\/wp\/v2\/posts\/2740","targetHints":{"allow":["GET"]}}],"collection":[{"href":"https:\/\/sehlde.info\/content\/wp-json\/wp\/v2\/posts"}],"about":[{"href":"https:\/\/sehlde.info\/content\/wp-json\/wp\/v2\/types\/post"}],"author":[{"embeddable":true,"href":"https:\/\/sehlde.info\/content\/wp-json\/wp\/v2\/users\/2"}],"replies":[{"embeddable":true,"href":"https:\/\/sehlde.info\/content\/wp-json\/wp\/v2\/comments?post=2740"}],"version-history":[{"count":1,"href":"https:\/\/sehlde.info\/content\/wp-json\/wp\/v2\/posts\/2740\/revisions"}],"predecessor-version":[{"id":2742,"href":"https:\/\/sehlde.info\/content\/wp-json\/wp\/v2\/posts\/2740\/revisions\/2742"}],"wp:featuredmedia":[{"embeddable":true,"href":"https:\/\/sehlde.info\/content\/wp-json\/wp\/v2\/media\/2741"}],"wp:attachment":[{"href":"https:\/\/sehlde.info\/content\/wp-json\/wp\/v2\/media?parent=2740"}],"wp:term":[{"taxonomy":"category","embeddable":true,"href":"https:\/\/sehlde.info\/content\/wp-json\/wp\/v2\/categories?post=2740"},{"taxonomy":"post_tag","embeddable":true,"href":"https:\/\/sehlde.info\/content\/wp-json\/wp\/v2\/tags?post=2740"}],"curies":[{"name":"wp","href":"https:\/\/api.w.org\/{rel}","templated":true}]}}