{"id":2791,"date":"2021-10-09T08:33:07","date_gmt":"2021-10-09T06:33:07","guid":{"rendered":"https:\/\/sehlde.info\/content\/?p=2791"},"modified":"2025-06-16T10:33:48","modified_gmt":"2025-06-16T08:33:48","slug":"steeldart-am-sehlder-waldrand","status":"publish","type":"post","link":"https:\/\/sehlde.info\/content\/2021\/10\/steeldart-am-sehlder-waldrand\/","title":{"rendered":"Steeldart am Sehlder Waldrand"},"content":{"rendered":"\n<p>Der Sch\u00fctzenverein Waldheil Sehlde erweitert sein Angebot um ein geselliges Steeldart. Die Auftaktveranstaltung ist am 12. Oktober 2021 um 18.00 Uhr im Sehlder Sch\u00fctzenhaus. G\u00e4ste sind herzlich willkommen.<\/p>\n\n\n\n<p>Urspr\u00fcnglich aus einer Laune heraus hat sich eine kleine Gruppe von Vereinsmitgliedern und Freunden gefunden, die gerne Steeldart spielt. Steeldart wird klassisch mit spitzen Stahlpfeilen gespielt, im Gegensatz zum Soft-Dart, bei dem mit abgerundeten Kunststoffspitzen auf meist elektronische Scheiben geworfen wird.<\/p>\n\n\n\n<p>Bei der Planung eines gemeinsamen Dart-Abends fiel auf, dass es in Sehlde und Umgebung keine geeigneten R\u00e4umlichkeiten zu geben scheint. Der Vorstand des Sehlder Sch\u00fctzenvereins konnte schnell begeistert werden und so steht f\u00fcr das Vorhaben nun das Sch\u00fctzenheim am Waldrand bereit. Organisator Marvin Korff freut sich \u00fcber die schnelle und unkomplizierte L\u00f6sung und betont, dass die Veranstaltung auch f\u00fcr G\u00e4ste und ohne Voranmeldung offen ist.<\/p>\n\n\n\n<p>Vorsitzender Thomas Sch\u00fcnemann zeigt sich erfreut und dankbar \u00fcber das Engagement. Es ist ein weiterer Baustein f\u00fcr das Vereinsleben der Zukunft und den Zusammenhalt in der Gemeinde Sehlde.<\/p><div id=\"sehld-3712327089\" class=\"sehld-inline sehld-entity-placement\" style=\"margin-top: 2px;margin-right: 2px;margin-bottom: 2px;margin-left: 2px;\"><div style=\"\r\n  width: 100%;\r\n  height: 30vh;\r\n  max-height: 250px;\r\n  background-color: #d4edda;\r\n  border: 1px solid #c3e6cb;\r\n  box-sizing: border-box;\r\n\">\r\n<\/div><\/div>\n","protected":false},"excerpt":{"rendered":"<p>Der Sch\u00fctzenverein Waldheil Sehlde erweitert sein Angebot um ein geselliges Steeldart. Die Auftaktveranstaltung ist am 12. Oktober 2021 um 18.00 Uhr im Sehlder Sch\u00fctzenhaus. G\u00e4ste sind herzlich willkommen. Urspr\u00fcnglich aus &#8230; <a title=\"Steeldart am Sehlder Waldrand\" class=\"read-more\" href=\"https:\/\/sehlde.info\/content\/2021\/10\/steeldart-am-sehlder-waldrand\/\" aria-label=\"Mehr Informationen \u00fcber Steeldart am Sehlder Waldrand\">Weiterlesen<\/a><\/p>\n","protected":false},"author":2,"featured_media":0,"comment_status":"open","ping_status":"open","sticky":false,"template":"","format":"standard","meta":{"footnotes":"","jetpack_publicize_message":"","jetpack_publicize_feature_enabled":true,"jetpack_social_post_already_shared":false,"jetpack_social_options":{"image_generator_settings":{"template":"highway","default_image_id":0,"font":"","enabled":false},"version":2}},"categories":[32],"tags":[],"class_list":["post-2791","post","type-post","status-publish","format-standard","hentry","category-schuetzenverein"],"jetpack_publicize_connections":[],"_links":{"self":[{"href":"https:\/\/sehlde.info\/content\/wp-json\/wp\/v2\/posts\/2791","targetHints":{"allow":["GET"]}}],"collection":[{"href":"https:\/\/sehlde.info\/content\/wp-json\/wp\/v2\/posts"}],"about":[{"href":"https:\/\/sehlde.info\/content\/wp-json\/wp\/v2\/types\/post"}],"author":[{"embeddable":true,"href":"https:\/\/sehlde.info\/content\/wp-json\/wp\/v2\/users\/2"}],"replies":[{"embeddable":true,"href":"https:\/\/sehlde.info\/content\/wp-json\/wp\/v2\/comments?post=2791"}],"version-history":[{"count":2,"href":"https:\/\/sehlde.info\/content\/wp-json\/wp\/v2\/posts\/2791\/revisions"}],"predecessor-version":[{"id":2793,"href":"https:\/\/sehlde.info\/content\/wp-json\/wp\/v2\/posts\/2791\/revisions\/2793"}],"wp:attachment":[{"href":"https:\/\/sehlde.info\/content\/wp-json\/wp\/v2\/media?parent=2791"}],"wp:term":[{"taxonomy":"category","embeddable":true,"href":"https:\/\/sehlde.info\/content\/wp-json\/wp\/v2\/categories?post=2791"},{"taxonomy":"post_tag","embeddable":true,"href":"https:\/\/sehlde.info\/content\/wp-json\/wp\/v2\/tags?post=2791"}],"curies":[{"name":"wp","href":"https:\/\/api.w.org\/{rel}","templated":true}]}}