{"id":4076,"date":"2025-04-19T09:00:00","date_gmt":"2025-04-19T07:00:00","guid":{"rendered":"https:\/\/sehlde.info\/content\/?p=4076"},"modified":"2025-06-11T10:25:11","modified_gmt":"2025-06-11T08:25:11","slug":"heute-osterfeuer-sehlde-musik-waerme-und-stockbrotromantik","status":"publish","type":"post","link":"https:\/\/sehlde.info\/content\/2025\/04\/heute-osterfeuer-sehlde-musik-waerme-und-stockbrotromantik\/","title":{"rendered":"Heute: Osterfeuer Sehlde. Musik, W\u00e4rme und Stockbrotromantik"},"content":{"rendered":"\n<p>Am heutigen Abend, <strong>18. April<\/strong>, laden die <strong>Freunde des Osterfeuers<\/strong> gemeinsam mit dem <strong>Waldheil Sehlde<\/strong> ab <strong>18.00 Uhr<\/strong> herzlich zum Osterfeuer ein.<\/p>\n\n\n\n<p>Sehlde #Osterfeuer2025 #TreffenAmFeuer<\/p>\n\n\n\n<p>Anders als bei vielen anderen Veranstaltungen dieser Art gibt es in Sehlde <strong>beheizte Sitzpl\u00e4tze<\/strong> und <strong>feste Toiletten<\/strong> auf dem Gel\u00e4nde \u2013 das macht den Abend auch bei k\u00fchleren Temperaturen angenehm.<\/p>\n\n\n\n<figure class=\"wp-block-image size-large\"><img loading=\"lazy\" decoding=\"async\" width=\"717\" height=\"1024\" src=\"https:\/\/sehlde.info\/content\/wp-content\/uploads\/2025\/04\/WhatsApp-Image-2025-04-10-at-20.21.47-717x1024.jpeg\" alt=\"Plakat des Osterfeuers\" class=\"wp-image-4077\" srcset=\"https:\/\/sehlde.info\/content\/wp-content\/uploads\/2025\/04\/WhatsApp-Image-2025-04-10-at-20.21.47-717x1024.jpeg 717w, https:\/\/sehlde.info\/content\/wp-content\/uploads\/2025\/04\/WhatsApp-Image-2025-04-10-at-20.21.47-210x300.jpeg 210w, https:\/\/sehlde.info\/content\/wp-content\/uploads\/2025\/04\/WhatsApp-Image-2025-04-10-at-20.21.47-105x150.jpeg 105w, https:\/\/sehlde.info\/content\/wp-content\/uploads\/2025\/04\/WhatsApp-Image-2025-04-10-at-20.21.47-768x1097.jpeg 768w, https:\/\/sehlde.info\/content\/wp-content\/uploads\/2025\/04\/WhatsApp-Image-2025-04-10-at-20.21.47-1075x1536.jpeg 1075w, https:\/\/sehlde.info\/content\/wp-content\/uploads\/2025\/04\/WhatsApp-Image-2025-04-10-at-20.21.47.jpeg 1120w\" sizes=\"auto, (max-width: 717px) 100vw, 717px\" \/><figcaption class=\"wp-element-caption\">Plakat des Osterfeuers<\/figcaption><\/figure>\n\n\n\n<p>F\u00fcr das leibliche Wohl ist gesorgt: Bratwurst, Pommes, Franks Erbsensuppe und weitere Leckereien werden zu <strong>fairen Preisen<\/strong> angeboten. Dazu gibt es Musik und ein gem\u00fctliches Miteinander am Feuer.<\/p><div id=\"sehld-1601984210\" class=\"sehld-inline sehld-entity-placement\" style=\"margin-top: 2px;margin-right: 2px;margin-bottom: 2px;margin-left: 2px;\"><div style=\"\r\n  width: 100%;\r\n  height: 30vh;\r\n  max-height: 250px;\r\n  background-color: #d4edda;\r\n  border: 1px solid #c3e6cb;\r\n  box-sizing: border-box;\r\n\">\r\n<\/div><\/div>\n\n\n\n<p>Gegen <strong>18 Uhr<\/strong> d\u00fcrfen Kinder unter Aufsicht mit Fackeln das Osterfeuer entz\u00fcnden. Im Anschluss wartet auf kleine G\u00e4ste ein echter Klassiker: <strong>Stockbrot<\/strong> zum Selberdrehen \u00fcber der Glut.<\/p>\n\n\n\n<p><strong>Hinweis zur Anfahrt:<\/strong> Auf dem Veranstaltungsgel\u00e4nde selbst kann nicht geparkt werden. Bitte entlang der Stra\u00dfe parken und auf Rettungswege achten.<\/p>\n\n\n\n<p><\/p>\n","protected":false},"excerpt":{"rendered":"<p>Am heutigen Abend, 18. April, laden die Freunde des Osterfeuers gemeinsam mit dem Waldheil Sehlde ab 18.00 Uhr herzlich zum Osterfeuer ein. Sehlde #Osterfeuer2025 #TreffenAmFeuer Anders als bei vielen anderen &#8230; <a title=\"Heute: Osterfeuer Sehlde. Musik, W\u00e4rme und Stockbrotromantik\" class=\"read-more\" href=\"https:\/\/sehlde.info\/content\/2025\/04\/heute-osterfeuer-sehlde-musik-waerme-und-stockbrotromantik\/\" aria-label=\"Mehr Informationen \u00fcber Heute: Osterfeuer Sehlde. Musik, W\u00e4rme und Stockbrotromantik\">Weiterlesen<\/a><\/p>\n","protected":false},"author":2,"featured_media":4078,"comment_status":"open","ping_status":"open","sticky":false,"template":"","format":"standard","meta":{"footnotes":"","jetpack_publicize_message":"","jetpack_publicize_feature_enabled":true,"jetpack_social_post_already_shared":true,"jetpack_social_options":{"image_generator_settings":{"template":"highway","default_image_id":0,"font":"","enabled":false},"version":2}},"categories":[1,131,3,32],"tags":[130,128,50,60],"class_list":["post-4076","post","type-post","status-publish","format-standard","has-post-thumbnail","hentry","category-allgemein","category-ankuendigung","category-dorfleben","category-schuetzenverein","tag-freunde-des-osterfeuers","tag-osterfeuer","tag-schuetzenverein","tag-sehlde"],"jetpack_publicize_connections":[],"_links":{"self":[{"href":"https:\/\/sehlde.info\/content\/wp-json\/wp\/v2\/posts\/4076","targetHints":{"allow":["GET"]}}],"collection":[{"href":"https:\/\/sehlde.info\/content\/wp-json\/wp\/v2\/posts"}],"about":[{"href":"https:\/\/sehlde.info\/content\/wp-json\/wp\/v2\/types\/post"}],"author":[{"embeddable":true,"href":"https:\/\/sehlde.info\/content\/wp-json\/wp\/v2\/users\/2"}],"replies":[{"embeddable":true,"href":"https:\/\/sehlde.info\/content\/wp-json\/wp\/v2\/comments?post=4076"}],"version-history":[{"count":1,"href":"https:\/\/sehlde.info\/content\/wp-json\/wp\/v2\/posts\/4076\/revisions"}],"predecessor-version":[{"id":4079,"href":"https:\/\/sehlde.info\/content\/wp-json\/wp\/v2\/posts\/4076\/revisions\/4079"}],"wp:featuredmedia":[{"embeddable":true,"href":"https:\/\/sehlde.info\/content\/wp-json\/wp\/v2\/media\/4078"}],"wp:attachment":[{"href":"https:\/\/sehlde.info\/content\/wp-json\/wp\/v2\/media?parent=4076"}],"wp:term":[{"taxonomy":"category","embeddable":true,"href":"https:\/\/sehlde.info\/content\/wp-json\/wp\/v2\/categories?post=4076"},{"taxonomy":"post_tag","embeddable":true,"href":"https:\/\/sehlde.info\/content\/wp-json\/wp\/v2\/tags?post=4076"}],"curies":[{"name":"wp","href":"https:\/\/api.w.org\/{rel}","templated":true}]}}