{"id":4138,"date":"2025-09-01T11:00:00","date_gmt":"2025-09-01T09:00:00","guid":{"rendered":"https:\/\/sehlde.info\/content\/?p=4138"},"modified":"2025-08-31T10:36:56","modified_gmt":"2025-08-31T08:36:56","slug":"buecherbus-startet-mit-neuem-fahrplan-in-sehlde","status":"publish","type":"post","link":"https:\/\/sehlde.info\/content\/2025\/09\/buecherbus-startet-mit-neuem-fahrplan-in-sehlde\/","title":{"rendered":"B\u00fccherbus startet mit neuem Fahrplan in Sehlde"},"content":{"rendered":"\n<p>Am 8. September kehrt der B\u00fccherbus nach der Sommerpause nach Sehlde zur\u00fcck \u2013 mit neuer Uhrzeit, gro\u00dfer Auswahl und Angeboten f\u00fcr alle Generationen<\/p>\n\n\n\n<p>#Sehlde #B\u00fccherbus #LesenVorOrt #LandkreisWolfenb\u00fcttel #Familienangebot<\/p>\n\n\n\n<!--more-->\n\n\n\n<p>Der B\u00fccherbus des Landkreises Wolfenb\u00fcttel ist wieder unterwegs \u2013 und ab Montag, dem 8. September 2025, auch wieder in Sehlde. Die wichtigste \u00c4nderung betrifft die Uhrzeit: Statt wie bisher um 16.30 Uhr h\u00e4lt der Bus k\u00fcnftig von <strong>17.30 bis 18.00 Uhr<\/strong> vor dem ehemaligen Gasthaus \u201eZur Linde\u201c in der Hubertusstra\u00dfe. Der neue Fahrplan ist damit besser auf Berufst\u00e4tige und schulpflichtige Kinder abgestimmt.<\/p>\n\n\n\n<p>Neben dem Halt f\u00fcr alle B\u00fcrgerinnen und B\u00fcrger wird auch die <strong>Grundschule Sehlde<\/strong> wieder regelm\u00e4\u00dfig angefahren \u2013 insgesamt viermal im Schuljahr. Hinzu kommen Besuche der <strong>Kitas in Haverlah und Heere<\/strong>, die viele Sehlder Familien nutzen.<\/p>\n\n\n\n<p>Der Bus bietet mehr als B\u00fccher: Wer ihn betritt, findet eine umfangreiche Auswahl an Romanen, Sachb\u00fcchern, H\u00f6rspielen, Kinderliteratur, Tonies, DVDs, E-Book-Readern, Zeitschriften und sogar <strong>samenfestem Saatgut<\/strong>. Ein Teil der rund <strong>30.000 verf\u00fcgbaren Medien<\/strong> ist immer im Bus, viele weitere k\u00f6nnen vorbestellt werden.<\/p>\n\n\n\n<figure class=\"wp-block-gallery has-nested-images columns-default is-cropped wp-block-gallery-1 is-layout-flex wp-block-gallery-is-layout-flex\">\n<figure class=\"wp-block-image size-large\"><img loading=\"lazy\" decoding=\"async\" width=\"1024\" height=\"683\" data-id=\"4214\" src=\"https:\/\/sehlde.info\/content\/wp-content\/uploads\/2025\/09\/Buecherbus-15-1024x683.jpg\" alt=\"\" class=\"wp-image-4214\" srcset=\"https:\/\/sehlde.info\/content\/wp-content\/uploads\/2025\/09\/Buecherbus-15-1024x683.jpg 1024w, https:\/\/sehlde.info\/content\/wp-content\/uploads\/2025\/09\/Buecherbus-15-300x200.jpg 300w, https:\/\/sehlde.info\/content\/wp-content\/uploads\/2025\/09\/Buecherbus-15-150x100.jpg 150w, https:\/\/sehlde.info\/content\/wp-content\/uploads\/2025\/09\/Buecherbus-15-768x512.jpg 768w, https:\/\/sehlde.info\/content\/wp-content\/uploads\/2025\/09\/Buecherbus-15-1536x1024.jpg 1536w, https:\/\/sehlde.info\/content\/wp-content\/uploads\/2025\/09\/Buecherbus-15-2048x1365.jpg 2048w\" sizes=\"auto, (max-width: 1024px) 100vw, 1024px\" \/><\/figure>\n\n\n\n<figure class=\"wp-block-image size-large\"><img loading=\"lazy\" decoding=\"async\" width=\"1024\" height=\"683\" data-id=\"4213\" src=\"https:\/\/sehlde.info\/content\/wp-content\/uploads\/2025\/09\/Buecherbus-78-1024x683.jpg\" alt=\"\" class=\"wp-image-4213\" srcset=\"https:\/\/sehlde.info\/content\/wp-content\/uploads\/2025\/09\/Buecherbus-78-1024x683.jpg 1024w, https:\/\/sehlde.info\/content\/wp-content\/uploads\/2025\/09\/Buecherbus-78-300x200.jpg 300w, https:\/\/sehlde.info\/content\/wp-content\/uploads\/2025\/09\/Buecherbus-78-150x100.jpg 150w, https:\/\/sehlde.info\/content\/wp-content\/uploads\/2025\/09\/Buecherbus-78-768x512.jpg 768w, https:\/\/sehlde.info\/content\/wp-content\/uploads\/2025\/09\/Buecherbus-78-1536x1024.jpg 1536w, https:\/\/sehlde.info\/content\/wp-content\/uploads\/2025\/09\/Buecherbus-78-2048x1365.jpg 2048w\" sizes=\"auto, (max-width: 1024px) 100vw, 1024px\" \/><\/figure>\n<\/figure>\n\n\n\n<p>Vorbestellungen sind m\u00f6glich \u00fcber die Website der B\u00fccherei oder direkt im Bus \u2013 mitgebracht werden die Medien dann bei der n\u00e4chsten Tour. Auch die R\u00fcckgabe ist einfach: Bis zum n\u00e4chsten Halt darf alles behalten werden. Verl\u00e4ngerungen sind telefonisch, per E-Mail oder im Online-Konto m\u00f6glich.<\/p>\n\n\n\n<p><strong>Nutzung und Anmeldung<\/strong><br>Die Nutzung ist einfach. <strong>Kinder und Jugendliche bis 18 Jahre<\/strong> leihen kostenlos aus. Erwachsene zahlen eine <strong>Jahresgeb\u00fchr von 10 Euro<\/strong>, Familien mit zwei Erwachsenen und Kindern <strong>15 Euro<\/strong>. Alternativ kann ein <strong>Schnupperausweis f\u00fcr drei Monate<\/strong> beantragt werden \u2013 f\u00fcr <strong>nur 3 Euro<\/strong>. Anmeldungen sind direkt im Bus oder \u00fcber das <strong>Serviceportal des Landkreises Wolfenb\u00fcttel<\/strong> m\u00f6glich: <a href=\"https:\/\/portal.lkwf.de\/dienstleistungen\/-\/egov-bis-detail\/dienstleistung\/228027\/show\" target=\"_blank\" rel=\"noopener\">Leseausweis beantragen<\/a><\/p>\n\n\n\n<p><strong>Digitale Angebote<\/strong><br>Mit einem g\u00fcltigen Ausweis k\u00f6nnen auch E-Books \u00fcber die <strong>Onleihe Niedersachsen<\/strong> genutzt werden. Wer keinen eigenen Reader besitzt, kann sich im Bus ein Ger\u00e4t ausleihen. Die App <strong>Tigerbooks<\/strong> erg\u00e4nzt das Angebot f\u00fcr Kinder durch interaktive B\u00fccher, Vorlesefunktion und Lernspiele.<\/p>\n\n\n\n<p><strong>Interaktion und Service<\/strong><br>Wer auf dem Laufenden bleiben m\u00f6chte, kann den neuen <strong>WhatsApp-Kanal des B\u00fccherbusses<\/strong> abonnieren. Dort gibt es Erinnerungen, Veranstaltungshinweise und Einblicke in den Alltag des Busbetriebs: <a href=\"https:\/\/www.whatsapp.com\/channel\/0029VaqAsDF7YSdDDxL4TU26\" target=\"_blank\" rel=\"noopener\">WhatsApp-Kanal abonnieren<\/a><\/p>\n\n\n\n<p><strong>Ein Ort mit Geschichte \u2013 ein Bus mit Zukunft<\/strong><br>Busfahrer Norman Bl\u00e4\u00df kennt Sehlde gut. Ob Grundschule, Kita oder das Gasthaus, vor dem der Bus regelm\u00e4\u00dfig h\u00e4lt \u2013 im Gespr\u00e4ch zeigt sich, wie vertraut das Team mit dem Ort ist. Bibliothekarin Linda Abakumov beschreibt den B\u00fccherbus als lebendigen Ort f\u00fcr Begegnung und Bildung. Gerade f\u00fcr l\u00e4ndliche Regionen sei das Modell unverzichtbar. Perspektivisch w\u00fcnscht sich das Team einen neuen Bus.<\/p>\n\n\n\n<p>Beim letzten Halt vor der Sommerpause war die Zahl der Besucherinnen und Besucher \u00fcberschaubar. Das d\u00fcrfte an den Ferien gelegen haben. In der Regel kommen f\u00fcnf oder mehr Familien, einige regelm\u00e4\u00dfig. Einer davon ist der kleine Marlon, der beim letzten Termin gleich eine volle Tasche zur\u00fcckgab \u2013 und sich mit vielen neuen Medien eindeckte. Entt\u00e4uscht war er nur, dass der Bus erst sp\u00e4ter wieder seine Kita anf\u00e4hrt.<\/p>\n\n\n\n<p><strong>Fahrplan 2025\/2026 \u2013 Tour 8, Sehlde:<\/strong><br><strong>Sehlde, \u201eZur Linde\u201c (Hubertusstra\u00dfe)<\/strong><br><strong>08.09.2025<\/strong>, 06.10.2025, 03.11.2025, 01.12.2025, 12.01.2026, 09.02.2026, 09.03.2026, 13.04.2026, 11.05.2026, 08.06.2026<br>\u23f0 jeweils <strong>17.30\u201318.00 Uhr<\/strong><\/p>\n\n\n\n<p>? <strong>Grundschule Sehlde (intern, nur Schule)<\/strong><br>12.09.2025, 05.12.2025, 13.03.2026, 12.06.2026<br>\u23f0 jeweils <strong>8.30\u201310.00 Uhr<\/strong><\/p>\n\n\n\n<p>Das Team des B\u00fccherbusses freut sich \u00fcber neue Leserinnen und Leser \u2013 und \u00fcber Weiterempfehlungen im Ort. Wer den Bus kennt, sch\u00e4tzt das Angebot. Wer ihn noch nicht kennt, hat am 8. September die n\u00e4chste Gelegenheit.<\/p>\n","protected":false},"excerpt":{"rendered":"<p>Am 8. September kehrt der B\u00fccherbus nach der Sommerpause nach Sehlde zur\u00fcck \u2013 mit neuer Uhrzeit, gro\u00dfer Auswahl und Angeboten f\u00fcr alle Generationen #Sehlde #B\u00fccherbus #LesenVorOrt #LandkreisWolfenb\u00fcttel #Familienangebot<\/p>\n","protected":false},"author":3,"featured_media":4211,"comment_status":"open","ping_status":"open","sticky":false,"template":"","format":"standard","meta":{"footnotes":"","jetpack_publicize_message":"","jetpack_publicize_feature_enabled":true,"jetpack_social_post_already_shared":true,"jetpack_social_options":{"image_generator_settings":{"template":"highway","default_image_id":0,"enabled":false},"version":2}},"categories":[1,3,41,34],"tags":[167,166,161,159,160,162,158,165,157,155,163,156,164],"class_list":["post-4138","post","type-post","status-publish","format-standard","has-post-thumbnail","hentry","category-allgemein","category-dorfleben","category-infos","category-jugendpflege","tag-buecherbus-fahrplan-2025-sehlde","tag-buecherbus-grundschule-sehlde","tag-buecherbus-haltestellen-sehlde","tag-buecherbus-landkreis-wolfenbuettel","tag-buecherbus-sehlde","tag-e-book-reader-leihen-sehlde","tag-leseausweis-buecherbus-online","tag-lesefoerderung-kinder-sehlde","tag-medienausleihe-buecherbus","tag-onleihe-niedersachsen-buecherbus","tag-saatgutbibliothek-wolfenbuettel","tag-tigerbooks-kinderbuecher","tag-tonies-buecherbus"],"jetpack_publicize_connections":[],"_links":{"self":[{"href":"https:\/\/sehlde.info\/content\/wp-json\/wp\/v2\/posts\/4138","targetHints":{"allow":["GET"]}}],"collection":[{"href":"https:\/\/sehlde.info\/content\/wp-json\/wp\/v2\/posts"}],"about":[{"href":"https:\/\/sehlde.info\/content\/wp-json\/wp\/v2\/types\/post"}],"author":[{"embeddable":true,"href":"https:\/\/sehlde.info\/content\/wp-json\/wp\/v2\/users\/3"}],"replies":[{"embeddable":true,"href":"https:\/\/sehlde.info\/content\/wp-json\/wp\/v2\/comments?post=4138"}],"version-history":[{"count":3,"href":"https:\/\/sehlde.info\/content\/wp-json\/wp\/v2\/posts\/4138\/revisions"}],"predecessor-version":[{"id":4215,"href":"https:\/\/sehlde.info\/content\/wp-json\/wp\/v2\/posts\/4138\/revisions\/4215"}],"wp:featuredmedia":[{"embeddable":true,"href":"https:\/\/sehlde.info\/content\/wp-json\/wp\/v2\/media\/4211"}],"wp:attachment":[{"href":"https:\/\/sehlde.info\/content\/wp-json\/wp\/v2\/media?parent=4138"}],"wp:term":[{"taxonomy":"category","embeddable":true,"href":"https:\/\/sehlde.info\/content\/wp-json\/wp\/v2\/categories?post=4138"},{"taxonomy":"post_tag","embeddable":true,"href":"https:\/\/sehlde.info\/content\/wp-json\/wp\/v2\/tags?post=4138"}],"curies":[{"name":"wp","href":"https:\/\/api.w.org\/{rel}","templated":true}]}}