{"id":4154,"date":"2025-07-02T11:00:00","date_gmt":"2025-07-02T09:00:00","guid":{"rendered":"https:\/\/sehlde.info\/content\/?p=4154"},"modified":"2025-06-30T16:45:58","modified_gmt":"2025-06-30T14:45:58","slug":"wasserentnahme-eingeschraenkt-was-sehlde-beachten-muss","status":"publish","type":"post","link":"https:\/\/sehlde.info\/content\/2025\/07\/wasserentnahme-eingeschraenkt-was-sehlde-beachten-muss\/","title":{"rendered":"Wasserentnahme eingeschr\u00e4nkt \u2013 was Sehlde beachten muss"},"content":{"rendered":"\n<p>Seit Juni gilt im Landkreis Wolfenb\u00fcttel eine neue Allgemeinverf\u00fcgung zur Wasserentnahme. Auch in Sehlde sind die Regelungen verbindlich \u2013 selbst wenn Innerste und M\u00fchlengraben nicht auff\u00e4llig wenig Wasser f\u00fchren.<\/p>\n\n\n\n<p>#Wasserknappheit #Sehlde #Umweltschutz<\/p>\n\n\n\n<!--more-->\n\n\n\n<p>m Juni 2025 hat der Landkreis Wolfenb\u00fcttel eine Allgemeinverf\u00fcgung erlassen, die die Entnahme von Wasser aus Flie\u00dfgew\u00e4ssern und Grundwasser bis Ende September einschr\u00e4nkt. Hintergrund sind anhaltende Trockenperioden, die sinkenden Grundwasserst\u00e4nde und der Schutz der Gew\u00e4sser\u00f6kologie.<\/p>\n\n\n\n<p>Die Verf\u00fcgung untersagt die Wasserentnahme aus Oberfl\u00e4chengew\u00e4ssern der zweiten und dritten Ordnung mit technischen Hilfsmitteln \u2013 etwa durch Pumpen zur Bew\u00e4sserung. In Sehlde betrifft das potenziell die Innerste und den M\u00fchlengraben, die beide durch das Ortsgebiet verlaufen.<\/p><div id=\"sehld-762397237\" class=\"sehld-inline sehld-entity-placement\" style=\"margin-top: 2px;margin-right: 2px;margin-bottom: 2px;margin-left: 2px;\"><div style=\"\r\n  width: 100%;\r\n  height: 30vh;\r\n  max-height: 250px;\r\n  background-color: #d4edda;\r\n  border: 1px solid #c3e6cb;\r\n  box-sizing: border-box;\r\n\">\r\n<\/div><\/div>\n\n\n\n<p>Zus\u00e4tzlich ist die Bew\u00e4sserung von G\u00e4rten, Feldern oder Sportanlagen in der Zeit von 10 bis 18 Uhr untersagt, auch wenn das Wasser aus privaten Brunnen stammt. Die Regelung gilt unabh\u00e4ngig davon, ob eine wasserrechtliche Erlaubnis vorliegt. Damit will der Landkreis verhindern, dass in der hei\u00dfesten Tageszeit gro\u00dfe Mengen Wasser verdunsten, ohne den Pflanzen zu nutzen.<\/p>\n\n\n\n<p>F\u00fcr Sehlde ist keine akute Wasserknappheit erkennbar. Die Pegeldaten der Neile, gemessen am Standort Sehlde, zeigen mit 65\u202fcm einen Wasserstand leicht \u00fcber dem mittleren Niedrigwasserwert. Auch die Innerste bei Bredelem liegt mit 142\u202fcm im langj\u00e4hrigen Normalbereich. Die Ma\u00dfnahmen gelten trotzdem \u2013 sie sind vorsorglich angeordnet, nicht als Reaktion auf lokale Engp\u00e4sse.<\/p>\n\n\n\n<p>Die Umsetzung liegt bei der Unteren Wasserbeh\u00f6rde des Landkreises. Der Begriff \u201euntere\u201c bezieht sich auf die Verwaltungsebene \u2013 zust\u00e4ndig ist nicht das Land Niedersachsen, sondern die Kreisverwaltung. Wer sich nicht an die Regeln h\u00e4lt, riskiert ein Bu\u00dfgeld von bis zu 50.000\u202fEuro. Wie genau kontrolliert wird, ist nicht \u00f6ffentlich bekannt.<\/p>\n\n\n\n<p>F\u00fcr viele Haushalte bleibt der Effekt begrenzt. Gegossen wird ohnehin meist fr\u00fch morgens oder abends \u2013 auch aus g\u00e4rtnerischer Sicht sinnvoll. Wichtig ist, sich mit den neuen Rahmenbedingungen vertraut zu machen und nicht auf fr\u00fchere Gewohnheiten zu vertrauen.<\/p>\n\n\n\n<p><a href=\"https:\/\/www.lkwf.de\/Aktuelles\/Presse-und-Meldungen\/Wasserentnahme-im-Landkreis-Wolfenb%C3%BCttel-eingeschr%C3%A4nkt-Allgemeinverf%C3%BCgung-zur-Schonung-von-Flie%C3%9Fgew%C3%A4ssern-und-Grundwasser-tritt-in-Kraft.php?object=tx,3282.5.1&amp;ModID=7&amp;FID=3282.45449.1&amp;NavID=175.225&amp;La=1&amp;kat=175.7%2C2697.106\" target=\"_blank\" rel=\"noreferrer noopener\">Pressemitteilung und Allgemeinverf\u00fcgung<\/a><\/p>\n\n\n\n<p><a href=\"https:\/\/www.pegelonline.nlwkn.niedersachsen.de\/Pegel\/Binnenpegel\/ID\/524\" target=\"_blank\" data-type=\"link\" data-id=\"https:\/\/www.pegelonline.nlwkn.niedersachsen.de\/Pegel\/Binnenpegel\/ID\/524\" rel=\"noreferrer noopener\">Neilepegel<\/a><\/p>\n\n\n\n<p><a href=\"https:\/\/www.pegelonline.nlwkn.niedersachsen.de\/Pegel\/Binnenpegel\/ID\/210\" target=\"_blank\" rel=\"noreferrer noopener\">Innerste bei Bredelem<\/a><\/p>\n\n\n\n<p><a href=\"https:\/\/www.pegelonline.nlwkn.niedersachsen.de\/Pegel\/Binnenpegel\/ID\/336\" target=\"_blank\" rel=\"noreferrer noopener\">Innerste bei Hohenrode<\/a><\/p>\n","protected":false},"excerpt":{"rendered":"<p>Seit Juni gilt im Landkreis Wolfenb\u00fcttel eine neue Allgemeinverf\u00fcgung zur Wasserentnahme. Auch in Sehlde sind die Regelungen verbindlich \u2013 selbst wenn Innerste und M\u00fchlengraben nicht auff\u00e4llig wenig Wasser f\u00fchren. #Wasserknappheit &#8230; <a title=\"Wasserentnahme eingeschr\u00e4nkt \u2013 was Sehlde beachten muss\" class=\"read-more\" href=\"https:\/\/sehlde.info\/content\/2025\/07\/wasserentnahme-eingeschraenkt-was-sehlde-beachten-muss\/\" aria-label=\"Mehr Informationen \u00fcber Wasserentnahme eingeschr\u00e4nkt \u2013 was Sehlde beachten muss\">Weiterlesen<\/a><\/p>\n","protected":false},"author":2,"featured_media":4049,"comment_status":"open","ping_status":"open","sticky":false,"template":"","format":"standard","meta":{"footnotes":"","jetpack_publicize_message":"","jetpack_publicize_feature_enabled":true,"jetpack_social_post_already_shared":true,"jetpack_social_options":{"image_generator_settings":{"template":"highway","default_image_id":0,"enabled":false},"version":2}},"categories":[1,41],"tags":[187,188,189,192,193,190,191,186],"class_list":["post-4154","post","type-post","status-publish","format-standard","has-post-thumbnail","hentry","category-allgemein","category-infos","tag-allgemeinverfuegung-landkreis-wolfenbuettel","tag-gartenbewaesserung-verboten","tag-grundwasser-sehlde","tag-innerste-pegelstand","tag-muehlengraben-sehlde","tag-neile-sehlde-wasserstand","tag-trockenheit-niedersachsen","tag-wasserentnahme-sehlde-2025"],"jetpack_publicize_connections":[],"_links":{"self":[{"href":"https:\/\/sehlde.info\/content\/wp-json\/wp\/v2\/posts\/4154","targetHints":{"allow":["GET"]}}],"collection":[{"href":"https:\/\/sehlde.info\/content\/wp-json\/wp\/v2\/posts"}],"about":[{"href":"https:\/\/sehlde.info\/content\/wp-json\/wp\/v2\/types\/post"}],"author":[{"embeddable":true,"href":"https:\/\/sehlde.info\/content\/wp-json\/wp\/v2\/users\/2"}],"replies":[{"embeddable":true,"href":"https:\/\/sehlde.info\/content\/wp-json\/wp\/v2\/comments?post=4154"}],"version-history":[{"count":1,"href":"https:\/\/sehlde.info\/content\/wp-json\/wp\/v2\/posts\/4154\/revisions"}],"predecessor-version":[{"id":4155,"href":"https:\/\/sehlde.info\/content\/wp-json\/wp\/v2\/posts\/4154\/revisions\/4155"}],"wp:featuredmedia":[{"embeddable":true,"href":"https:\/\/sehlde.info\/content\/wp-json\/wp\/v2\/media\/4049"}],"wp:attachment":[{"href":"https:\/\/sehlde.info\/content\/wp-json\/wp\/v2\/media?parent=4154"}],"wp:term":[{"taxonomy":"category","embeddable":true,"href":"https:\/\/sehlde.info\/content\/wp-json\/wp\/v2\/categories?post=4154"},{"taxonomy":"post_tag","embeddable":true,"href":"https:\/\/sehlde.info\/content\/wp-json\/wp\/v2\/tags?post=4154"}],"curies":[{"name":"wp","href":"https:\/\/api.w.org\/{rel}","templated":true}]}}