{"id":416,"date":"2016-09-12T21:02:57","date_gmt":"2016-09-12T19:02:57","guid":{"rendered":"http:\/\/sehlde.info\/content\/?p=416"},"modified":"2025-06-16T10:36:15","modified_gmt":"2025-06-16T08:36:15","slug":"tag-der-feuerwehr-2016","status":"publish","type":"post","link":"https:\/\/sehlde.info\/content\/2016\/09\/tag-der-feuerwehr-2016\/","title":{"rendered":"Tag der Feuerwehr 2016"},"content":{"rendered":"<blockquote><p>Diese Veranstaltung hat bereits stattgefunden. Schau doch einfach <a href=\"https:\/\/sehlde.info\/content\/events\/kategorie\/freiwillige-feuerwehr\/\">HIER<\/a> nach kommenden Veranstaltungen der Freiwilligen Feuerwehr Sehlde.<\/p><\/blockquote>\n<p>Die Freiwillige <a href=\"http:\/\/www.feuerwehr-sehlde.de\" target=\"_blank\" rel=\"noopener\">Feuerwehr Sehlde<\/a> hat f\u00fcr den 1. Oktober einen ganz besonderen H\u00f6hepunkt geplant: Zum Tag der Freiwilligen Feuerwehr Sehlde pr\u00e4sentieren die Kameraden und Kameradinnen sich und ihre Arbeit. Unter anderem wird eine Rettungshundestaffel mit dabei sein, Autos werden zerschnitten und eine L\u00f6sch\u00fcbung pr\u00e4sentiert. F\u00fcr Spiel und Spa\u00df ist unter anderem mit einer H\u00fcpfburg und Pony reiten gesorgt. Start ist am 1. Oktober 2016 ab 11.00 Uhr. <a href=\"http:\/\/sehlde.info\/content\/event\/tag-der-freiwilligen-feuerwehr-sehlde\/\" target=\"_blank\" rel=\"noopener\">Genaue Daten gibt es im Kalender<\/a>.<\/p>\n<figure id=\"attachment_418\" aria-describedby=\"caption-attachment-418\" style=\"width: 290px\" class=\"wp-caption aligncenter\"><a href=\"http:\/\/sehlde.info\/content\/wp-content\/uploads\/2016\/09\/FF_Sehlde_Tag_der_FW_2016_Plakat_s1_v3.jpg\" target=\"_blank\" rel=\"noopener\"><img loading=\"lazy\" decoding=\"async\" class=\"wp-image-418 size-medium\" src=\"http:\/\/sehlde.info\/content\/wp-content\/uploads\/2016\/09\/FF_Sehlde_Tag_der_FW_2016_Plakat_s1_v3-300x212.jpg\" alt=\"ff_sehlde_tag_der_fw_2016_plakat_s1_v3\" width=\"300\" height=\"212\" srcset=\"https:\/\/sehlde.info\/content\/wp-content\/uploads\/2016\/09\/FF_Sehlde_Tag_der_FW_2016_Plakat_s1_v3-300x212.jpg 300w, https:\/\/sehlde.info\/content\/wp-content\/uploads\/2016\/09\/FF_Sehlde_Tag_der_FW_2016_Plakat_s1_v3-150x106.jpg 150w, https:\/\/sehlde.info\/content\/wp-content\/uploads\/2016\/09\/FF_Sehlde_Tag_der_FW_2016_Plakat_s1_v3-768x542.jpg 768w, https:\/\/sehlde.info\/content\/wp-content\/uploads\/2016\/09\/FF_Sehlde_Tag_der_FW_2016_Plakat_s1_v3-1024x723.jpg 1024w, https:\/\/sehlde.info\/content\/wp-content\/uploads\/2016\/09\/FF_Sehlde_Tag_der_FW_2016_Plakat_s1_v3-100x71.jpg 100w, https:\/\/sehlde.info\/content\/wp-content\/uploads\/2016\/09\/FF_Sehlde_Tag_der_FW_2016_Plakat_s1_v3-200x141.jpg 200w, https:\/\/sehlde.info\/content\/wp-content\/uploads\/2016\/09\/FF_Sehlde_Tag_der_FW_2016_Plakat_s1_v3-450x318.jpg 450w, https:\/\/sehlde.info\/content\/wp-content\/uploads\/2016\/09\/FF_Sehlde_Tag_der_FW_2016_Plakat_s1_v3-600x424.jpg 600w, https:\/\/sehlde.info\/content\/wp-content\/uploads\/2016\/09\/FF_Sehlde_Tag_der_FW_2016_Plakat_s1_v3-900x635.jpg 900w, https:\/\/sehlde.info\/content\/wp-content\/uploads\/2016\/09\/FF_Sehlde_Tag_der_FW_2016_Plakat_s1_v3.jpg 1293w\" sizes=\"auto, (max-width: 300px) 100vw, 300px\" \/><\/a><figcaption id=\"caption-attachment-418\" class=\"wp-caption-text\">Seite 1 vom Handzettel<\/figcaption><\/figure>\n<figure id=\"attachment_417\" aria-describedby=\"caption-attachment-417\" style=\"width: 202px\" class=\"wp-caption aligncenter\"><a href=\"http:\/\/sehlde.info\/content\/wp-content\/uploads\/2016\/09\/FF_Sehlde_Tag_der_FW_2016_Plakat_s2_v3.jpg\" target=\"_blank\" rel=\"noopener\"><img loading=\"lazy\" decoding=\"async\" class=\"wp-image-417 size-medium\" src=\"http:\/\/sehlde.info\/content\/wp-content\/uploads\/2016\/09\/FF_Sehlde_Tag_der_FW_2016_Plakat_s2_v3-212x300.jpg\" alt=\"ff_sehlde_tag_der_fw_2016_plakat_s2_v3\" width=\"212\" height=\"300\" srcset=\"https:\/\/sehlde.info\/content\/wp-content\/uploads\/2016\/09\/FF_Sehlde_Tag_der_FW_2016_Plakat_s2_v3-212x300.jpg 212w, https:\/\/sehlde.info\/content\/wp-content\/uploads\/2016\/09\/FF_Sehlde_Tag_der_FW_2016_Plakat_s2_v3-106x150.jpg 106w, https:\/\/sehlde.info\/content\/wp-content\/uploads\/2016\/09\/FF_Sehlde_Tag_der_FW_2016_Plakat_s2_v3-100x142.jpg 100w, https:\/\/sehlde.info\/content\/wp-content\/uploads\/2016\/09\/FF_Sehlde_Tag_der_FW_2016_Plakat_s2_v3-150x212.jpg 150w, https:\/\/sehlde.info\/content\/wp-content\/uploads\/2016\/09\/FF_Sehlde_Tag_der_FW_2016_Plakat_s2_v3-200x283.jpg 200w, https:\/\/sehlde.info\/content\/wp-content\/uploads\/2016\/09\/FF_Sehlde_Tag_der_FW_2016_Plakat_s2_v3-300x425.jpg 300w, https:\/\/sehlde.info\/content\/wp-content\/uploads\/2016\/09\/FF_Sehlde_Tag_der_FW_2016_Plakat_s2_v3-450x637.jpg 450w, https:\/\/sehlde.info\/content\/wp-content\/uploads\/2016\/09\/FF_Sehlde_Tag_der_FW_2016_Plakat_s2_v3-600x849.jpg 600w, https:\/\/sehlde.info\/content\/wp-content\/uploads\/2016\/09\/FF_Sehlde_Tag_der_FW_2016_Plakat_s2_v3.jpg 643w\" sizes=\"auto, (max-width: 212px) 100vw, 212px\" \/><\/a><figcaption id=\"caption-attachment-417\" class=\"wp-caption-text\">Programm vom Tag der Feuerwehr<\/figcaption><\/figure>\n<figure id=\"attachment_420\" aria-describedby=\"caption-attachment-420\" style=\"width: 290px\" class=\"wp-caption aligncenter\"><a href=\"http:\/\/sehlde.info\/content\/wp-content\/uploads\/2016\/09\/FF_Sehlde_Tag_der_FW_2016_Plakat_gross_v1.jpg\" target=\"_blank\" rel=\"noopener\"><img loading=\"lazy\" decoding=\"async\" class=\"wp-image-420 size-medium\" src=\"http:\/\/sehlde.info\/content\/wp-content\/uploads\/2016\/09\/FF_Sehlde_Tag_der_FW_2016_Plakat_gross_v1-300x210.jpg\" alt=\"Plakat zum Tag der Feuerwehr\" width=\"300\" height=\"210\" srcset=\"https:\/\/sehlde.info\/content\/wp-content\/uploads\/2016\/09\/FF_Sehlde_Tag_der_FW_2016_Plakat_gross_v1-300x210.jpg 300w, https:\/\/sehlde.info\/content\/wp-content\/uploads\/2016\/09\/FF_Sehlde_Tag_der_FW_2016_Plakat_gross_v1-150x105.jpg 150w, https:\/\/sehlde.info\/content\/wp-content\/uploads\/2016\/09\/FF_Sehlde_Tag_der_FW_2016_Plakat_gross_v1-768x537.jpg 768w, https:\/\/sehlde.info\/content\/wp-content\/uploads\/2016\/09\/FF_Sehlde_Tag_der_FW_2016_Plakat_gross_v1-1024x716.jpg 1024w, https:\/\/sehlde.info\/content\/wp-content\/uploads\/2016\/09\/FF_Sehlde_Tag_der_FW_2016_Plakat_gross_v1-100x70.jpg 100w, https:\/\/sehlde.info\/content\/wp-content\/uploads\/2016\/09\/FF_Sehlde_Tag_der_FW_2016_Plakat_gross_v1-200x140.jpg 200w, https:\/\/sehlde.info\/content\/wp-content\/uploads\/2016\/09\/FF_Sehlde_Tag_der_FW_2016_Plakat_gross_v1-450x315.jpg 450w, https:\/\/sehlde.info\/content\/wp-content\/uploads\/2016\/09\/FF_Sehlde_Tag_der_FW_2016_Plakat_gross_v1-600x420.jpg 600w, https:\/\/sehlde.info\/content\/wp-content\/uploads\/2016\/09\/FF_Sehlde_Tag_der_FW_2016_Plakat_gross_v1-900x630.jpg 900w, https:\/\/sehlde.info\/content\/wp-content\/uploads\/2016\/09\/FF_Sehlde_Tag_der_FW_2016_Plakat_gross_v1.jpg 1291w\" sizes=\"auto, (max-width: 300px) 100vw, 300px\" \/><\/a><figcaption id=\"caption-attachment-420\" class=\"wp-caption-text\">Plakat zum Tag der Feuerwehr<\/figcaption><\/figure>\n","protected":false},"excerpt":{"rendered":"<p>Diese Veranstaltung hat bereits stattgefunden. Schau doch einfach HIER nach kommenden Veranstaltungen der Freiwilligen Feuerwehr Sehlde. Die Freiwillige Feuerwehr Sehlde hat f\u00fcr den 1. Oktober einen ganz besonderen H\u00f6hepunkt geplant: &#8230; <a title=\"Tag der Feuerwehr 2016\" class=\"read-more\" href=\"https:\/\/sehlde.info\/content\/2016\/09\/tag-der-feuerwehr-2016\/\" aria-label=\"Mehr Informationen \u00fcber Tag der Feuerwehr 2016\">Weiterlesen<\/a><\/p>\n","protected":false},"author":2,"featured_media":0,"comment_status":"open","ping_status":"open","sticky":false,"template":"","format":"standard","meta":{"footnotes":"","jetpack_publicize_message":"","jetpack_publicize_feature_enabled":true,"jetpack_social_post_already_shared":false,"jetpack_social_options":{"image_generator_settings":{"template":"highway","default_image_id":0,"font":"","enabled":false},"version":2}},"categories":[3,5],"tags":[],"class_list":["post-416","post","type-post","status-publish","format-standard","hentry","category-dorfleben","category-feuerwehr"],"jetpack_publicize_connections":[],"_links":{"self":[{"href":"https:\/\/sehlde.info\/content\/wp-json\/wp\/v2\/posts\/416","targetHints":{"allow":["GET"]}}],"collection":[{"href":"https:\/\/sehlde.info\/content\/wp-json\/wp\/v2\/posts"}],"about":[{"href":"https:\/\/sehlde.info\/content\/wp-json\/wp\/v2\/types\/post"}],"author":[{"embeddable":true,"href":"https:\/\/sehlde.info\/content\/wp-json\/wp\/v2\/users\/2"}],"replies":[{"embeddable":true,"href":"https:\/\/sehlde.info\/content\/wp-json\/wp\/v2\/comments?post=416"}],"version-history":[{"count":4,"href":"https:\/\/sehlde.info\/content\/wp-json\/wp\/v2\/posts\/416\/revisions"}],"predecessor-version":[{"id":1496,"href":"https:\/\/sehlde.info\/content\/wp-json\/wp\/v2\/posts\/416\/revisions\/1496"}],"wp:attachment":[{"href":"https:\/\/sehlde.info\/content\/wp-json\/wp\/v2\/media?parent=416"}],"wp:term":[{"taxonomy":"category","embeddable":true,"href":"https:\/\/sehlde.info\/content\/wp-json\/wp\/v2\/categories?post=416"},{"taxonomy":"post_tag","embeddable":true,"href":"https:\/\/sehlde.info\/content\/wp-json\/wp\/v2\/tags?post=416"}],"curies":[{"name":"wp","href":"https:\/\/api.w.org\/{rel}","templated":true}]}}