{"id":4170,"date":"2025-07-09T11:00:00","date_gmt":"2025-07-09T09:00:00","guid":{"rendered":"https:\/\/sehlde.info\/content\/?p=4170"},"modified":"2025-07-07T15:47:14","modified_gmt":"2025-07-07T13:47:14","slug":"was-bewegt-sehlde-sorgen-cafe-regt-austausch-ueber-wahlergebnis-an","status":"publish","type":"post","link":"https:\/\/sehlde.info\/content\/2025\/07\/was-bewegt-sehlde-sorgen-cafe-regt-austausch-ueber-wahlergebnis-an\/","title":{"rendered":"Was bewegt Sehlde? Sorgen-Caf\u00e9 regt Austausch \u00fcber Wahlergebnis an"},"content":{"rendered":"\n<p>Nach dem Wahlergebnis vom Februar l\u00e4dt die Kulturinitiative Sehlde zum Dialog. Beim Sorgen-Caf\u00e9 wurde diskutiert, gefragt und zugeh\u00f6rt \u2013 mit dem Ziel, Gemeinschaft und Demokratie im Ort zu st\u00e4rken.<\/p>\n\n\n\n<p>sehlde #sorgencaf\u00e9 #kulturinitiative #wahlergebnis #gemeinsamdorfgestalten #sehldeinfo<\/p>\n\n\n\n<!--more-->\n\n\n\n<h2 class=\"wp-block-heading\">Was bedeutet ein Wahlergebnis \u2013 und was macht es mit einem Ort?<\/h2>\n\n\n\n<p>In Sehlde lag bei der Bundestagswahl am 23. Februar 2025 erstmals eine Partei vorn, die in Teilen vom Verfassungsschutz als rechtsextrem eingestuft wird. F\u00fcr viele im Ort war das ein Schock. 139 Zweitstimmen entfielen auf die AfD \u2013 mehr als auf jede andere Partei. Die SPD kam auf 109 Stimmen, die CDU auf 102. Das Ergebnis f\u00fchrte dazu, dass Sehlde in einigen Wahlanalysen auf eine Stufe mit Regionen wie Salzgitter-Fredenberg oder Teilen Ostdeutschlands gestellt wurde \u2013 Gegenden, die mit ganz anderen sozialen Problemlagen konfrontiert sind.<\/p>\n\n\n\n<p>Doch was bedeutet dieses Ergebnis tats\u00e4chlich f\u00fcr einen kleinen Ort wie Sehlde? Wurde bewusst gew\u00e4hlt oder eher aus Protest? Und: Was l\u00e4sst sich daraus f\u00fcr das Zusammenleben und die k\u00fcnftige Entwicklung ableiten?<\/p><div id=\"sehld-2557001799\" class=\"sehld-inline sehld-entity-placement\" style=\"margin-top: 2px;margin-right: 2px;margin-bottom: 2px;margin-left: 2px;\"><div style=\"\r\n  width: 100%;\r\n  height: 30vh;\r\n  max-height: 250px;\r\n  background-color: #d4edda;\r\n  border: 1px solid #c3e6cb;\r\n  box-sizing: border-box;\r\n\">\r\n<\/div><\/div>\n\n\n\n<figure class=\"wp-block-gallery has-nested-images columns-default is-cropped wp-block-gallery-1 is-layout-flex wp-block-gallery-is-layout-flex\">\n<figure class=\"wp-block-image size-large\"><img loading=\"lazy\" decoding=\"async\" width=\"1024\" height=\"771\" data-id=\"4175\" src=\"https:\/\/sehlde.info\/content\/wp-content\/uploads\/2025\/07\/2025-07-06-Sorgencafe-Bild-1-1-1024x771.jpg\" alt=\"\" class=\"wp-image-4175\" srcset=\"https:\/\/sehlde.info\/content\/wp-content\/uploads\/2025\/07\/2025-07-06-Sorgencafe-Bild-1-1-1024x771.jpg 1024w, https:\/\/sehlde.info\/content\/wp-content\/uploads\/2025\/07\/2025-07-06-Sorgencafe-Bild-1-1-300x226.jpg 300w, https:\/\/sehlde.info\/content\/wp-content\/uploads\/2025\/07\/2025-07-06-Sorgencafe-Bild-1-1-150x113.jpg 150w, https:\/\/sehlde.info\/content\/wp-content\/uploads\/2025\/07\/2025-07-06-Sorgencafe-Bild-1-1-768x578.jpg 768w, https:\/\/sehlde.info\/content\/wp-content\/uploads\/2025\/07\/2025-07-06-Sorgencafe-Bild-1-1-1536x1157.jpg 1536w, https:\/\/sehlde.info\/content\/wp-content\/uploads\/2025\/07\/2025-07-06-Sorgencafe-Bild-1-1-2048x1542.jpg 2048w\" sizes=\"auto, (max-width: 1024px) 100vw, 1024px\" \/><\/figure>\n\n\n\n<figure class=\"wp-block-image size-large\"><img loading=\"lazy\" decoding=\"async\" width=\"771\" height=\"1024\" data-id=\"4174\" src=\"https:\/\/sehlde.info\/content\/wp-content\/uploads\/2025\/07\/2025-07-06-Sorgencafe-Bild-3-1-771x1024.jpg\" alt=\"\" class=\"wp-image-4174\" srcset=\"https:\/\/sehlde.info\/content\/wp-content\/uploads\/2025\/07\/2025-07-06-Sorgencafe-Bild-3-1-771x1024.jpg 771w, https:\/\/sehlde.info\/content\/wp-content\/uploads\/2025\/07\/2025-07-06-Sorgencafe-Bild-3-1-226x300.jpg 226w, https:\/\/sehlde.info\/content\/wp-content\/uploads\/2025\/07\/2025-07-06-Sorgencafe-Bild-3-1-113x150.jpg 113w, https:\/\/sehlde.info\/content\/wp-content\/uploads\/2025\/07\/2025-07-06-Sorgencafe-Bild-3-1-768x1020.jpg 768w, https:\/\/sehlde.info\/content\/wp-content\/uploads\/2025\/07\/2025-07-06-Sorgencafe-Bild-3-1-1157x1536.jpg 1157w, https:\/\/sehlde.info\/content\/wp-content\/uploads\/2025\/07\/2025-07-06-Sorgencafe-Bild-3-1-1542x2048.jpg 1542w, https:\/\/sehlde.info\/content\/wp-content\/uploads\/2025\/07\/2025-07-06-Sorgencafe-Bild-3-1-scaled.jpg 1928w\" sizes=\"auto, (max-width: 771px) 100vw, 771px\" \/><\/figure>\n<\/figure>\n\n\n\n<p>Diesen Fragen stellte sich die Kulturinitiative Sehlde am vergangenen Wochenende mit einem ungew\u00f6hnlichen Format. Unter dem Titel \u201eSorgen-Caf\u00e9\u201c hatte sie zu einer offenen Gespr\u00e4chsrunde eingeladen \u2013 auf den Gr\u00fcnstreifen am alten Spielplatz an der Ecke Heerer Stra\u00dfe \/ Hubertusstra\u00dfe. Dort standen Pavillons und Stehtische, es gab Kaffee, Kuchen und Zettel mit Fragen, die zur Diskussion anregen sollten. Auch W\u00fcnsche und Ideen konnten notiert und an Girlanden aufgeh\u00e4ngt werden. Der Ort war bewusst offen gew\u00e4hlt, um den Austausch niedrigschwellig zu erm\u00f6glichen.<\/p>\n\n\n\n<p><a href=\"https:\/\/votemanager.kdo.de\/20250223\/031585402\/praesentation\/ergebnis.html?wahl_id=596&amp;stimmentyp=0&amp;ebene=undefined&amp;id=ebene_6_id_116297\" target=\"_blank\" rel=\"noreferrer noopener\">Link zu den Wahlergebnissen in Sehlde<\/a><\/p>\n\n\n\n<p>Ziel der Veranstalterinnen war es nicht, zu belehren oder zu polarisieren \u2013 sondern zuzuh\u00f6ren. Was bewegt die Menschen im Ort? Warum werden extreme Parteien gew\u00e4hlt? Welche Themen fehlen im Alltag oder in der politischen Debatte? Und wie l\u00e4sst sich das Gemeinschaftsgef\u00fchl st\u00e4rken?<\/p>\n\n\n\n<p>Die R\u00fcckmeldungen waren vielf\u00e4ltig. Einige gaben offen an, das Wahlergebnis nicht bewusst wahrgenommen zu haben. Andere sprachen \u00fcber Unsicherheit, \u00fcber mangelnde Transparenz in der (Kommunal-)politik oder das Gef\u00fchl, mit Anliegen nicht durchzudringen. Zugleich gab es viel Zustimmung f\u00fcr die Initiative, sich dem Thema \u00fcberhaupt zu stellen.<\/p>\n\n\n\n<p>Einige Besucher erinnerten daran, dass Politik im Dorf oft unmittelbarer wirkt als auf Bundesebene. Ob Stra\u00dfenf\u00fchrung, Baugebiete oder Vereinsleben \u2013 viele Entscheidungen fallen auf lokaler Ebene. Dort, wo man sich kennt, ist das Miteinander besonders wichtig. Und gerade deshalb sei es bedenklich, wenn Spaltungstendenzen \u00fcber Wahlergebnisse ins Dorf getragen werden.<\/p>\n\n\n\n<p>Die Kulturinitiative will aus der Veranstaltung keine parteipolitische Debatte machen. Vielmehr geht es ihr darum, ein Bewusstsein f\u00fcr demokratische Werte zu st\u00e4rken und gemeinsam Ideen zu sammeln, wie sich das Dorf k\u00fcnftig gestalten l\u00e4sst. Die sechs zentralen Fragen, die beim Sorgen-Caf\u00e9 ausgelegt wurden, k\u00f6nnen auch weiterhin schriftlich beantwortet werden \u2013 anonym oder mit Namen \u2013 und sollen gesammelt an den Gemeinderat \u00fcbergeben werden.<\/p>\n\n\n\n<p>Die R\u00fcckmeldungen aus dem Sorgen-Caf\u00e9, so die Veranstalterinnen, sollen keine fertigen L\u00f6sungen liefern. Aber sie k\u00f6nnen ein Ausgangspunkt sein: F\u00fcr mehr Beteiligung, f\u00fcr mehr Verst\u00e4ndnis f\u00fcreinander und f\u00fcr eine politische Kultur, in der Fragen gestellt werden d\u00fcrfen \u2013 auch unangenehme. Entscheidend sei, dass dar\u00fcber gesprochen wird.<\/p>\n\n\n\n<p>Das Sorgen-Caf\u00e9 war ein Anfang. Weitere Formate sind denkbar \u2013 nicht nur von der Kulturinitiative, sondern auch aus dem Kreis der Besucherinnen und Besucher selbst. Wer sich engagieren will, konnte dies auf einem der Frageb\u00f6gen direkt angeben. Einige haben das getan. Es bleibt offen, ob daraus neue Ideen oder Initiativen entstehen. Klar ist aber: Der Wunsch nach Austausch ist da.<\/p>\n\n\n\n<p>Ob ein Wahlergebnis dauerhaft etwas ver\u00e4ndert, h\u00e4ngt auch davon ab, wie ein Ort damit umgeht. Sehlde hat am Wochenende gezeigt, dass Gespr\u00e4ch und Gemeinschaft keine Selbstverst\u00e4ndlichkeit sind \u2013 aber m\u00f6glich. Und vielleicht ist genau das die wichtigste Botschaft aus dem Sorgen-Caf\u00e9.<\/p>\n","protected":false},"excerpt":{"rendered":"<p>Nach dem Wahlergebnis vom Februar l\u00e4dt die Kulturinitiative Sehlde zum Dialog. Beim Sorgen-Caf\u00e9 wurde diskutiert, gefragt und zugeh\u00f6rt \u2013 mit dem Ziel, Gemeinschaft und Demokratie im Ort zu st\u00e4rken. sehlde &#8230; <a title=\"Was bewegt Sehlde? Sorgen-Caf\u00e9 regt Austausch \u00fcber Wahlergebnis an\" class=\"read-more\" href=\"https:\/\/sehlde.info\/content\/2025\/07\/was-bewegt-sehlde-sorgen-cafe-regt-austausch-ueber-wahlergebnis-an\/\" aria-label=\"Mehr Informationen \u00fcber Was bewegt Sehlde? Sorgen-Caf\u00e9 regt Austausch \u00fcber Wahlergebnis an\">Weiterlesen<\/a><\/p>\n","protected":false},"author":2,"featured_media":4171,"comment_status":"open","ping_status":"open","sticky":false,"template":"","format":"standard","meta":{"footnotes":"","jetpack_publicize_message":"","jetpack_publicize_feature_enabled":true,"jetpack_social_post_already_shared":true,"jetpack_social_options":{"image_generator_settings":{"template":"highway","default_image_id":0,"enabled":false},"version":2}},"categories":[3,1,36],"tags":[200,199,195,197,198,201,60,202,196],"class_list":["post-4170","post","type-post","status-publish","format-standard","has-post-thumbnail","hentry","category-dorfleben","category-allgemein","category-kulturinitative","tag-bundestagswahl","tag-buergerdialog","tag-demokratie","tag-dorfentwicklung","tag-kulturinitiative","tag-politische-bildung","tag-sehlde","tag-sorgen-cafe","tag-wahlergebnis-afd"],"jetpack_publicize_connections":[],"_links":{"self":[{"href":"https:\/\/sehlde.info\/content\/wp-json\/wp\/v2\/posts\/4170","targetHints":{"allow":["GET"]}}],"collection":[{"href":"https:\/\/sehlde.info\/content\/wp-json\/wp\/v2\/posts"}],"about":[{"href":"https:\/\/sehlde.info\/content\/wp-json\/wp\/v2\/types\/post"}],"author":[{"embeddable":true,"href":"https:\/\/sehlde.info\/content\/wp-json\/wp\/v2\/users\/2"}],"replies":[{"embeddable":true,"href":"https:\/\/sehlde.info\/content\/wp-json\/wp\/v2\/comments?post=4170"}],"version-history":[{"count":2,"href":"https:\/\/sehlde.info\/content\/wp-json\/wp\/v2\/posts\/4170\/revisions"}],"predecessor-version":[{"id":4178,"href":"https:\/\/sehlde.info\/content\/wp-json\/wp\/v2\/posts\/4170\/revisions\/4178"}],"wp:featuredmedia":[{"embeddable":true,"href":"https:\/\/sehlde.info\/content\/wp-json\/wp\/v2\/media\/4171"}],"wp:attachment":[{"href":"https:\/\/sehlde.info\/content\/wp-json\/wp\/v2\/media?parent=4170"}],"wp:term":[{"taxonomy":"category","embeddable":true,"href":"https:\/\/sehlde.info\/content\/wp-json\/wp\/v2\/categories?post=4170"},{"taxonomy":"post_tag","embeddable":true,"href":"https:\/\/sehlde.info\/content\/wp-json\/wp\/v2\/tags?post=4170"}],"curies":[{"name":"wp","href":"https:\/\/api.w.org\/{rel}","templated":true}]}}