{"id":448,"date":"2016-10-12T14:02:07","date_gmt":"2016-10-12T12:02:07","guid":{"rendered":"http:\/\/sehlde.info\/content\/?p=448"},"modified":"2025-06-16T10:36:14","modified_gmt":"2025-06-16T08:36:14","slug":"adventszauber-in-sehlde","status":"publish","type":"post","link":"https:\/\/sehlde.info\/content\/2016\/10\/adventszauber-in-sehlde\/","title":{"rendered":"Adventszauber in Sehlde"},"content":{"rendered":"<blockquote><p>Diese Veranstaltung hat bereits stattgefunden. Schau doch einfach <a href=\"https:\/\/sehlde.info\/content\/events\/kategorie\/spd-ortsverein\/\">HIER<\/a> nach kommenden Veranstaltungen des SPD-Ortsvereins Sehlde.<\/p><\/blockquote>\n<p><em><img loading=\"lazy\" decoding=\"async\" class=\"alignnone size-medium wp-image-461\" src=\"http:\/\/sehlde.info\/content\/wp-content\/uploads\/2016\/10\/5f9e4031-c5e2-4269-b073-a38d97f22a51-189x300.jpg\" alt=\"Adventszauber 2016 BIld 1\" width=\"189\" height=\"300\" srcset=\"https:\/\/sehlde.info\/content\/wp-content\/uploads\/2016\/10\/5f9e4031-c5e2-4269-b073-a38d97f22a51-189x300.jpg 189w, https:\/\/sehlde.info\/content\/wp-content\/uploads\/2016\/10\/5f9e4031-c5e2-4269-b073-a38d97f22a51-94x150.jpg 94w, https:\/\/sehlde.info\/content\/wp-content\/uploads\/2016\/10\/5f9e4031-c5e2-4269-b073-a38d97f22a51-100x159.jpg 100w, https:\/\/sehlde.info\/content\/wp-content\/uploads\/2016\/10\/5f9e4031-c5e2-4269-b073-a38d97f22a51-150x239.jpg 150w, https:\/\/sehlde.info\/content\/wp-content\/uploads\/2016\/10\/5f9e4031-c5e2-4269-b073-a38d97f22a51-200x318.jpg 200w, https:\/\/sehlde.info\/content\/wp-content\/uploads\/2016\/10\/5f9e4031-c5e2-4269-b073-a38d97f22a51-300x477.jpg 300w, https:\/\/sehlde.info\/content\/wp-content\/uploads\/2016\/10\/5f9e4031-c5e2-4269-b073-a38d97f22a51-450x716.jpg 450w, https:\/\/sehlde.info\/content\/wp-content\/uploads\/2016\/10\/5f9e4031-c5e2-4269-b073-a38d97f22a51-600x954.jpg 600w, https:\/\/sehlde.info\/content\/wp-content\/uploads\/2016\/10\/5f9e4031-c5e2-4269-b073-a38d97f22a51.jpg 608w\" sizes=\"auto, (max-width: 189px) 100vw, 189px\" \/><\/em><\/p>\n<p><em>F\u00fcnfzehn Adventszauberer und der <a href=\"http:\/\/www.spd-sehlde.de\" target=\"_blank\" rel=\"noopener\">SPD-Ortsverein<\/a> laden <\/em><\/p>\n<p><em>am <strong>20. November 2016<\/strong> von <strong>14:30 bis 18:00 Uhr <\/strong><\/em><\/p>\n<p><em>zu einem gem\u00fctlichen Nachmittag in die Sporthalle Sehlde ein.<\/em><\/p>\n<p><em>\u00a0<\/em><\/p>\n<p><em>Es erwarten Sie liebevoll handgefertigte Geschenkideen und Besonderes aus Holz, Stoff\u00a0 und Papier,<\/em><\/p><div id=\"sehld-3174002760\" class=\"sehld-inline sehld-entity-placement\" style=\"margin-top: 2px;margin-right: 2px;margin-bottom: 2px;margin-left: 2px;\"><div style=\"\r\n  width: 100%;\r\n  height: 30vh;\r\n  max-height: 250px;\r\n  background-color: #d4edda;\r\n  border: 1px solid #c3e6cb;\r\n  box-sizing: border-box;\r\n\">\r\n<\/div><\/div>\n<p><em>sowie ausgew\u00e4hlte Dekorationsartikel f\u00fcr ein sch\u00f6nes Zuhause.<\/em><\/p>\n<p><em>\u00a0<\/em><\/p>\n<p><em>F\u00fcr das leibliche Wohl wird durch hausgemachte Kuchen und Bratw\u00fcrstchen vom Schwenkgrill gesorgt.<\/em><\/p>\n<p><em>\u00a0<\/em><\/p>\n<p><em>Der SPD-Ortsverein Sehlde und Ihre Adventszauberer freuen sich auf Sie.<\/em><\/p>\n","protected":false},"excerpt":{"rendered":"<p>Diese Veranstaltung hat bereits stattgefunden. Schau doch einfach HIER nach kommenden Veranstaltungen des SPD-Ortsvereins Sehlde. F\u00fcnfzehn Adventszauberer und der SPD-Ortsverein laden am 20. November 2016 von 14:30 bis 18:00 Uhr &#8230; <a title=\"Adventszauber in Sehlde\" class=\"read-more\" href=\"https:\/\/sehlde.info\/content\/2016\/10\/adventszauber-in-sehlde\/\" aria-label=\"Mehr Informationen \u00fcber Adventszauber in Sehlde\">Weiterlesen<\/a><\/p>\n","protected":false},"author":2,"featured_media":0,"comment_status":"open","ping_status":"open","sticky":false,"template":"","format":"standard","meta":{"footnotes":"","jetpack_publicize_message":"","jetpack_publicize_feature_enabled":true,"jetpack_social_post_already_shared":false,"jetpack_social_options":{"image_generator_settings":{"template":"highway","default_image_id":0,"font":"","enabled":false},"version":2}},"categories":[1,3,26],"tags":[],"class_list":["post-448","post","type-post","status-publish","format-standard","hentry","category-allgemein","category-dorfleben","category-spd-ortsverein-sehlde"],"jetpack_publicize_connections":[],"_links":{"self":[{"href":"https:\/\/sehlde.info\/content\/wp-json\/wp\/v2\/posts\/448","targetHints":{"allow":["GET"]}}],"collection":[{"href":"https:\/\/sehlde.info\/content\/wp-json\/wp\/v2\/posts"}],"about":[{"href":"https:\/\/sehlde.info\/content\/wp-json\/wp\/v2\/types\/post"}],"author":[{"embeddable":true,"href":"https:\/\/sehlde.info\/content\/wp-json\/wp\/v2\/users\/2"}],"replies":[{"embeddable":true,"href":"https:\/\/sehlde.info\/content\/wp-json\/wp\/v2\/comments?post=448"}],"version-history":[{"count":4,"href":"https:\/\/sehlde.info\/content\/wp-json\/wp\/v2\/posts\/448\/revisions"}],"predecessor-version":[{"id":1512,"href":"https:\/\/sehlde.info\/content\/wp-json\/wp\/v2\/posts\/448\/revisions\/1512"}],"wp:attachment":[{"href":"https:\/\/sehlde.info\/content\/wp-json\/wp\/v2\/media?parent=448"}],"wp:term":[{"taxonomy":"category","embeddable":true,"href":"https:\/\/sehlde.info\/content\/wp-json\/wp\/v2\/categories?post=448"},{"taxonomy":"post_tag","embeddable":true,"href":"https:\/\/sehlde.info\/content\/wp-json\/wp\/v2\/tags?post=448"}],"curies":[{"name":"wp","href":"https:\/\/api.w.org\/{rel}","templated":true}]}}