{"id":4615,"date":"2026-01-21T11:00:00","date_gmt":"2026-01-21T10:00:00","guid":{"rendered":"https:\/\/sehlde.info\/content\/?p=4615"},"modified":"2026-01-16T12:13:13","modified_gmt":"2026-01-16T11:13:13","slug":"tannenbaumaktion-in-sehlde-ein-tag-voller-lachen-und-teamgeist","status":"publish","type":"post","link":"https:\/\/sehlde.info\/content\/2026\/01\/tannenbaumaktion-in-sehlde-ein-tag-voller-lachen-und-teamgeist\/","title":{"rendered":"Tannenbaumaktion in Sehlde: Ein Tag voller Lachen und Teamgeist"},"content":{"rendered":"\n<p>Kalter Wind, frischer Schnee und jede Menge Tannenb\u00e4ume: Am 10. Januar 2026 ist die Jugendfeuerwehr Sehlde unterwegs, und Yves St\u00f6ckl erlebt jeden Moment hautnah \u2013 von den ersten Schritten am Feuerwehrhaus bis zum gemeinsamen Fr\u00fchst\u00fcck nach getaner Arbeit.<\/p>\n\n\n\n<p>#Sehlde #Jugendfeuerwehr #Weihnachtsb\u00e4ume #Dorfgemeinschaft #SehldeInfo<\/p>\n\n\n\n<!--more-->\n\n\n\n<p>Am fr\u00fchen Morgen steht Yves St\u00f6ckl mit einer Tasse Kaffee am Fenster und blickt auf die verschneiten Stra\u00dfen. Die K\u00e4lte kratzt, doch das klare Winterwetter wirkt perfekt f\u00fcr den Tag. Am Treffpunkt am Feuerwehrhaus ist die Stimmung ausgelassen. Kinder und Jugendliche lachen, tauschen kurze Worte aus und starten voller Vorfreude in die Tannenbaumaktion.<\/p>\n\n\n\n<p><strong>Schneeverwehungen und gro\u00dfe B\u00e4ume<\/strong><\/p><div id=\"sehld-4859235\" class=\"sehld-inline sehld-entity-placement\" style=\"margin-top: 2px;margin-right: 2px;margin-bottom: 2px;margin-left: 2px;\"><div style=\"\r\n  width: 100%;\r\n  height: 30vh;\r\n  max-height: 250px;\r\n  background-color: #d4edda;\r\n  border: 1px solid #c3e6cb;\r\n  box-sizing: border-box;\r\n\">\r\n<\/div><\/div>\n\n\n\n<p>Die Stra\u00dfen sind noch glatt von den heftigen Schneeverwehungen am Freitag. Kleine Rutschpartien geh\u00f6ren dazu, bringen aber nur ein L\u00e4cheln auf die Gesichter der Helfer. Yves hilft \u00fcberall, beim Anreichen der B\u00e4ume, beim Koordinieren der Jugendlichen und beim Beladen der Trecker, die Ralf und Steffen bereitstellen. Ohne die Fahrzeuge w\u00e4re das Einsammeln kaum zu schaffen.<\/p>\n\n\n\n<figure class=\"wp-block-image size-large\"><img loading=\"lazy\" decoding=\"async\" width=\"1024\" height=\"768\" src=\"https:\/\/sehlde.info\/content\/wp-content\/uploads\/2026\/01\/2026-01-10-FF-Weihnachtsbaeume-einsammeln-2-1024x768.jpeg\" alt=\"Die Jugenfeuerwehr Sehlde sammelt Weihnachtsb\u00e4ume ein. Foto: FF Sehlde\" class=\"wp-image-4617\" srcset=\"https:\/\/sehlde.info\/content\/wp-content\/uploads\/2026\/01\/2026-01-10-FF-Weihnachtsbaeume-einsammeln-2-1024x768.jpeg 1024w, https:\/\/sehlde.info\/content\/wp-content\/uploads\/2026\/01\/2026-01-10-FF-Weihnachtsbaeume-einsammeln-2-300x225.jpeg 300w, https:\/\/sehlde.info\/content\/wp-content\/uploads\/2026\/01\/2026-01-10-FF-Weihnachtsbaeume-einsammeln-2-150x113.jpeg 150w, https:\/\/sehlde.info\/content\/wp-content\/uploads\/2026\/01\/2026-01-10-FF-Weihnachtsbaeume-einsammeln-2-768x576.jpeg 768w, https:\/\/sehlde.info\/content\/wp-content\/uploads\/2026\/01\/2026-01-10-FF-Weihnachtsbaeume-einsammeln-2-1536x1152.jpeg 1536w, https:\/\/sehlde.info\/content\/wp-content\/uploads\/2026\/01\/2026-01-10-FF-Weihnachtsbaeume-einsammeln-2.jpeg 1600w\" sizes=\"auto, (max-width: 1024px) 100vw, 1024px\" \/><figcaption class=\"wp-element-caption\">Die Jugenfeuerwehr Sehlde sammelt Weihnachtsb\u00e4ume ein. Foto: FF Sehlde<\/figcaption><\/figure>\n\n\n\n<p>Die Tannenb\u00e4ume selbst sind unterschiedlich gro\u00df, manche eingeschneit, was das Einsammeln wie eine kleine Herausforderung erscheinen l\u00e4sst. Yves erlebt genau diese Momente hautnah: schwere B\u00e4ume \u00fcber enge Einfahrten, ein spontan aufkeimendes Lachen, wenn ein Baum rutscht \u2013 kleine Szenen, die den Tag lebendig machen.<\/p>\n\n\n\n<p><strong>Jugendfeuerwehr in Aktion<\/strong><\/p>\n\n\n\n<p>Die Jugendlichen sind in zwei Gruppen unterwegs, Yves\u2019 Team umfasst f\u00fcnf Kinder. Er beobachtet und unterst\u00fctzt, koordiniert, reicht B\u00e4ume an, hilft beim Tragen. Die Gruppe arbeitet harmonisch, jeder greift ein, wenn es n\u00f6tig ist. Zwischendurch h\u00f6rt Yves oft den Satz \u201eWir freuen uns aufs Fr\u00fchst\u00fcck\u201c, und ein leises Schmunzeln begleitet die Arbeit.<\/p>\n\n\n\n<p><strong>Dankbarkeit und Dorfgemeinschaft<\/strong><\/p>\n\n\n\n<p>Die Menschen im Ort reagieren freundlich, zeigen Interesse oder sprechen kurz ein Dankesch\u00f6n aus. Nach rund zweieinhalb Stunden ist die Sammlung abgeschlossen. Yves erlebt, wie erleichtert und zufrieden alle Beteiligten sind. Das gemeinsame Fr\u00fchst\u00fcck mit frischen Br\u00f6tchen, Kaffee und Wurst rundet den Tag ab.<\/p>\n\n\n\n<p>F\u00fcr Yves ist klar: Ohne Ralf und Steffen, die Trecker und Anh\u00e4nger bereitstellen, w\u00e4re die Aktion nicht m\u00f6glich. Auch die Kinder k\u00f6nnten die B\u00e4ume kaum allein transportieren. Die eingesammelten B\u00e4ume werden am Sch\u00fctzenhaus gelagert und sp\u00e4ter f\u00fcr das Osterfeuer des Kleinkaliber Sch\u00fctzenvereins Waldheil Sehlde genutzt \u2013 ein sichtbares Zeichen f\u00fcr gelebte Dorfgemeinschaft.<\/p>\n","protected":false},"excerpt":{"rendered":"<p>Kalter Wind, frischer Schnee und jede Menge Tannenb\u00e4ume: Am 10. Januar 2026 ist die Jugendfeuerwehr Sehlde unterwegs, und Yves St\u00f6ckl erlebt jeden Moment hautnah \u2013 von den ersten Schritten am &#8230; <a title=\"Tannenbaumaktion in Sehlde: Ein Tag voller Lachen und Teamgeist\" class=\"read-more\" href=\"https:\/\/sehlde.info\/content\/2026\/01\/tannenbaumaktion-in-sehlde-ein-tag-voller-lachen-und-teamgeist\/\" aria-label=\"Mehr Informationen \u00fcber Tannenbaumaktion in Sehlde: Ein Tag voller Lachen und Teamgeist\">Weiterlesen<\/a><\/p>\n","protected":false},"author":3,"featured_media":4616,"comment_status":"open","ping_status":"open","sticky":false,"template":"","format":"standard","meta":{"footnotes":"","jetpack_publicize_message":"","jetpack_publicize_feature_enabled":true,"jetpack_social_post_already_shared":true,"jetpack_social_options":{"image_generator_settings":{"template":"highway","default_image_id":0,"font":"","enabled":false},"version":2}},"categories":[1,3,5,34],"tags":[145,253,384,402,403,404,401,406,405],"class_list":["post-4615","post","type-post","status-publish","format-standard","has-post-thumbnail","hentry","category-allgemein","category-dorfleben","category-feuerwehr","category-jugendpflege","tag-dorfgemeinschaft-sehlde","tag-freiwillige-feuerwehr","tag-jugendfeuerwehr-sehlde","tag-kinder-und-jugendaktion","tag-osterfeuer-waldheil","tag-schneeverwehungen","tag-tannenbaumaktion-2026","tag-teamgeist-im-dorf","tag-treckerlogistik"],"jetpack_publicize_connections":[],"_links":{"self":[{"href":"https:\/\/sehlde.info\/content\/wp-json\/wp\/v2\/posts\/4615","targetHints":{"allow":["GET"]}}],"collection":[{"href":"https:\/\/sehlde.info\/content\/wp-json\/wp\/v2\/posts"}],"about":[{"href":"https:\/\/sehlde.info\/content\/wp-json\/wp\/v2\/types\/post"}],"author":[{"embeddable":true,"href":"https:\/\/sehlde.info\/content\/wp-json\/wp\/v2\/users\/3"}],"replies":[{"embeddable":true,"href":"https:\/\/sehlde.info\/content\/wp-json\/wp\/v2\/comments?post=4615"}],"version-history":[{"count":1,"href":"https:\/\/sehlde.info\/content\/wp-json\/wp\/v2\/posts\/4615\/revisions"}],"predecessor-version":[{"id":4618,"href":"https:\/\/sehlde.info\/content\/wp-json\/wp\/v2\/posts\/4615\/revisions\/4618"}],"wp:featuredmedia":[{"embeddable":true,"href":"https:\/\/sehlde.info\/content\/wp-json\/wp\/v2\/media\/4616"}],"wp:attachment":[{"href":"https:\/\/sehlde.info\/content\/wp-json\/wp\/v2\/media?parent=4615"}],"wp:term":[{"taxonomy":"category","embeddable":true,"href":"https:\/\/sehlde.info\/content\/wp-json\/wp\/v2\/categories?post=4615"},{"taxonomy":"post_tag","embeddable":true,"href":"https:\/\/sehlde.info\/content\/wp-json\/wp\/v2\/tags?post=4615"}],"curies":[{"name":"wp","href":"https:\/\/api.w.org\/{rel}","templated":true}]}}