{"id":4639,"date":"2026-01-23T21:58:57","date_gmt":"2026-01-23T20:58:57","guid":{"rendered":"https:\/\/sehlde.info\/content\/?p=4639"},"modified":"2026-01-18T22:06:56","modified_gmt":"2026-01-18T21:06:56","slug":"neue-jacken-fuer-die-kinderfeuerwehr-der-wehren-sehlde-und-heere","status":"publish","type":"post","link":"https:\/\/sehlde.info\/content\/2026\/01\/neue-jacken-fuer-die-kinderfeuerwehr-der-wehren-sehlde-und-heere\/","title":{"rendered":"Neue Jacken f\u00fcr die Kinderfeuerwehr der Wehren Sehlde und Heere"},"content":{"rendered":"\n<p>Die Kinderfeuerwehr der Feuerwehren Sehlde und Heere ist f\u00fcr den Winter neu ausgestattet worden. Neben dem verbesserten Wetterschutz macht die Anschaffung auch auf ein anderes Thema aufmerksam: Die Kinderfeuerwehr sucht weitere Betreuerinnen und Betreuer. Bild: Feuerwehr<\/p>\n\n\n\n<p>Sehlde #Heere #Kinderfeuerwehr #FeuerwehrNachwuchs<\/p>\n\n\n\n<!--more-->\n\n\n\n<p>Am 14. Januar 2026 hat die Kinderfeuerwehr, die gemeinsam von den Feuerwehren Sehlde und Heere getragen wird, neue Jacken erhalten. Die Ausstattung wurde f\u00fcr die kalte Jahreszeit beschafft, damit die Kinder w\u00e4hrend der Dienste keine zus\u00e4tzlichen privaten Winterjacken \u00fcber ihre Dienstkleidung ziehen m\u00fcssen.<\/p>\n\n\n\n<p>Die Jacken wurden in passenden Gr\u00f6\u00dfen f\u00fcr Kinder im Alter von sechs bis zehn Jahren angeschafft. Vor der Bestellung erfolgte eine Gr\u00f6\u00dfenabfrage, sodass jedes der aktuell 35 Kinder eine eigene Jacke erhalten konnte. Finanziert wurde die Anschaffung durch die Samtgemeinde.<\/p><div id=\"sehld-3255637702\" class=\"sehld-inline sehld-entity-placement\" style=\"margin-top: 2px;margin-right: 2px;margin-bottom: 2px;margin-left: 2px;\"><div style=\"\r\n  width: 100%;\r\n  height: 30vh;\r\n  max-height: 250px;\r\n  background-color: #d4edda;\r\n  border: 1px solid #c3e6cb;\r\n  box-sizing: border-box;\r\n\">\r\n<\/div><\/div>\n\n\n\n<p>Im Alltag bieten die neuen Jacken mehrere Vorteile. Sie bestehen aus einer Kombination aus Regenjacke und herausnehmbarer Fleecejacke, die je nach Wetterlage gemeinsam oder getrennt getragen werden kann. Zus\u00e4tzlich sorgen reflektierende Elemente daf\u00fcr, dass die Kinder bei Aktivit\u00e4ten im Freien besser gesehen werden.<\/p>\n\n\n\n<p>Die Kinderfeuerwehr besteht seit Mai 2007 und feiert im kommenden Jahr ihr 20-j\u00e4hriges Bestehen. Aufgrund der hohen Nachfrage k\u00f6nnen derzeit keine weiteren Kinder aufgenommen werden, neue Interessierte werden auf einer Warteliste gef\u00fchrt.<\/p>\n\n\n\n<p>Betreut wird die Kinderfeuerwehr aktuell von zehn Betreuerinnen und Betreuern aus Sehlde und Heere. Da nicht bei jedem Dienst alle gleichzeitig anwesend sein k\u00f6nnen, freut sich das Team \u00fcber weitere Unterst\u00fctzung. Interessierte m\u00fcssen nicht Mitglied der Feuerwehr sein. Voraussetzung f\u00fcr die Mitarbeit ist ein entsprechendes F\u00fchrungszeugnis, da es sich um Jugendarbeit handelt. Das Team der Kinderfeuerwehr steht f\u00fcr Fragen und Gespr\u00e4che zur Verf\u00fcgung.<\/p>\n\n\n\n<p>Wie die Samtgemeindefeuerwehr Baddeckenstedt bei Facebook mitteilte, wurden die Mittel f\u00fcr die neue Ausstattung auf Antrag der Kinder- und Jugendfeuerwehren bereitgestellt. Ziel sei es, Kinder und Jugendliche bei ihren Aktivit\u00e4ten im Freien zuverl\u00e4ssig vor K\u00e4lte und N\u00e4sse zu sch\u00fctzen.<\/p>\n","protected":false},"excerpt":{"rendered":"<p>Die Kinderfeuerwehr der Feuerwehren Sehlde und Heere ist f\u00fcr den Winter neu ausgestattet worden. Neben dem verbesserten Wetterschutz macht die Anschaffung auch auf ein anderes Thema aufmerksam: Die Kinderfeuerwehr sucht &#8230; <a title=\"Neue Jacken f\u00fcr die Kinderfeuerwehr der Wehren Sehlde und Heere\" class=\"read-more\" href=\"https:\/\/sehlde.info\/content\/2026\/01\/neue-jacken-fuer-die-kinderfeuerwehr-der-wehren-sehlde-und-heere\/\" aria-label=\"Mehr Informationen \u00fcber Neue Jacken f\u00fcr die Kinderfeuerwehr der Wehren Sehlde und Heere\">Weiterlesen<\/a><\/p>\n","protected":false},"author":2,"featured_media":4640,"comment_status":"open","ping_status":"open","sticky":false,"template":"","format":"standard","meta":{"footnotes":"","jetpack_publicize_message":"","jetpack_publicize_feature_enabled":true,"jetpack_social_post_already_shared":true,"jetpack_social_options":{"image_generator_settings":{"template":"highway","default_image_id":0,"font":"","enabled":false},"version":2}},"categories":[1,3,5,34],"tags":[417,418,416,415,414,413],"class_list":["post-4639","post","type-post","status-publish","format-standard","has-post-thumbnail","hentry","category-allgemein","category-dorfleben","category-feuerwehr","category-jugendpflege","tag-feuerwehr-heere","tag-feuerwehr-kinder-winterjacken","tag-feuerwehr-nachwuchs","tag-kinderfeuerwehr-betreuer-gesucht","tag-kinderfeuerwehr-sehlde","tag-samtgemeinde-baddeckenstedt"],"jetpack_publicize_connections":[],"_links":{"self":[{"href":"https:\/\/sehlde.info\/content\/wp-json\/wp\/v2\/posts\/4639","targetHints":{"allow":["GET"]}}],"collection":[{"href":"https:\/\/sehlde.info\/content\/wp-json\/wp\/v2\/posts"}],"about":[{"href":"https:\/\/sehlde.info\/content\/wp-json\/wp\/v2\/types\/post"}],"author":[{"embeddable":true,"href":"https:\/\/sehlde.info\/content\/wp-json\/wp\/v2\/users\/2"}],"replies":[{"embeddable":true,"href":"https:\/\/sehlde.info\/content\/wp-json\/wp\/v2\/comments?post=4639"}],"version-history":[{"count":1,"href":"https:\/\/sehlde.info\/content\/wp-json\/wp\/v2\/posts\/4639\/revisions"}],"predecessor-version":[{"id":4641,"href":"https:\/\/sehlde.info\/content\/wp-json\/wp\/v2\/posts\/4639\/revisions\/4641"}],"wp:featuredmedia":[{"embeddable":true,"href":"https:\/\/sehlde.info\/content\/wp-json\/wp\/v2\/media\/4640"}],"wp:attachment":[{"href":"https:\/\/sehlde.info\/content\/wp-json\/wp\/v2\/media?parent=4639"}],"wp:term":[{"taxonomy":"category","embeddable":true,"href":"https:\/\/sehlde.info\/content\/wp-json\/wp\/v2\/categories?post=4639"},{"taxonomy":"post_tag","embeddable":true,"href":"https:\/\/sehlde.info\/content\/wp-json\/wp\/v2\/tags?post=4639"}],"curies":[{"name":"wp","href":"https:\/\/api.w.org\/{rel}","templated":true}]}}