{"id":4810,"date":"2026-03-13T11:00:00","date_gmt":"2026-03-13T10:00:00","guid":{"rendered":"https:\/\/sehlde.info\/content\/?p=4810"},"modified":"2026-03-13T08:37:26","modified_gmt":"2026-03-13T07:37:26","slug":"zwei-gruendungstermine-fuer-waehlergemeinschaft-und-buergerverein-in-sehlde","status":"publish","type":"post","link":"https:\/\/sehlde.info\/content\/2026\/03\/zwei-gruendungstermine-fuer-waehlergemeinschaft-und-buergerverein-in-sehlde\/","title":{"rendered":"Zwei Gr\u00fcndungstermine f\u00fcr W\u00e4hlergemeinschaft und B\u00fcrgerverein in Sehlde"},"content":{"rendered":"\n<p>Am 16. und 18. M\u00e4rz 2026 finden im Sportheim des SSV Sehlde zwei wichtige Versammlungen statt. Dabei werden ein B\u00fcrgerverein gegr\u00fcndet und die W\u00e4hlergemeinschaft f\u00fcr die Kommunalwahl 2026 aufgestellt. Interessierte B\u00fcrgerinnen und B\u00fcrger k\u00f6nnen teilnehmen.<\/p>\n\n\n\n<p>#Sehlde #Kommunalwahl2026 #W\u00e4hlergemeinschaft #B\u00fcrgerverein #Gemeinderat<\/p>\n\n\n\n<!--more-->\n\n\n\n<h2 class=\"wp-block-heading\">Zwei Termine in einer Woche<\/h2>\n\n\n\n<p>In Sehlde stehen in der Woche ab dem 16. M\u00e4rz 2026 zwei Versammlungen an, die sich mit der Vorbereitung der Kommunalwahl 2026 und mit b\u00fcrgerschaftlichem Engagement im Ort besch\u00e4ftigen.<\/p>\n\n\n\n<p>Am Montag, 16. M\u00e4rz 2026, beginnt um 18.30 Uhr im Sportheim des SSV Sehlde die Gr\u00fcndungsversammlung eines B\u00fcrgervereins. Im Anschluss daran soll am selben Abend die formelle Gr\u00fcndung der W\u00e4hlergemeinschaft erfolgen.<\/p><div id=\"sehld-3767103996\" class=\"sehld-inline sehld-entity-placement\" style=\"margin-top: 2px;margin-right: 2px;margin-bottom: 2px;margin-left: 2px;\"><div style=\"\r\n  width: 100%;\r\n  height: 30vh;\r\n  max-height: 250px;\r\n  background-color: #d4edda;\r\n  border: 1px solid #c3e6cb;\r\n  box-sizing: border-box;\r\n\">\r\n<\/div><\/div>\n\n\n\n<p>Zwei Tage sp\u00e4ter, am Mittwoch, 18. M\u00e4rz 2026, findet ebenfalls um 18.30 Uhr im Sportheim des SSV Sehlde die Aufstellungsversammlung der W\u00e4hlergemeinschaft statt. Dort werden die Bewerberinnen und Bewerber f\u00fcr die Wahl zum Gemeinderat Sehlde und zum Rat der Samtgemeinde Baddeckenstedt bestimmt sowie ihre Reihenfolge auf dem Wahlvorschlag festgelegt. <\/p>\n\n\n\n<h2 class=\"wp-block-heading\">Warum eine W\u00e4hlergemeinschaft gegr\u00fcndet wird<\/h2>\n\n\n\n<p>In Sehlde wird derzeit eine parteiunabh\u00e4ngige W\u00e4hlergemeinschaft vorbereitet. Hintergrund ist, dass im Ort nur noch wenige organisierte Parteistrukturen bestehen und f\u00fcr die kommende Kommunalwahl bislang nur wenige m\u00f6gliche Kandidatinnen und Kandidaten bekannt sind.<\/p>\n\n\n\n<p>Der Gemeinderat Sehlde hat maximal neun Sitze, aktuell sind acht Mandate besetzt. Sieben dieser Sitze wurden \u00fcber die Liste der Sozialdemokratischen Partei Deutschlands errungen. Der fr\u00fchere Ortsverein der Partei besteht im Ort nicht mehr und ist inzwischen Teil eines \u00fcber\u00f6rtlichen Ortsvereins in der Samtgemeinde Baddeckenstedt. Mehrere der bisherigen Ratsmitglieder wollen nach bisherigen Angaben bei der Kommunalwahl 2026 nicht erneut kandidieren.<\/p>\n\n\n\n<p>Die Initiatorinnen und Initiatoren sehen daher die Notwendigkeit, neue Kandidatinnen und Kandidaten zu gewinnen, damit auch k\u00fcnftig ein Gemeinderat gebildet werden kann. Eine W\u00e4hlergemeinschaft erm\u00f6glicht eine Kandidatur zur Wahl ohne Mitgliedschaft in einer politischen Partei.<\/p>\n\n\n\n<h2 class=\"wp-block-heading\">Unterschied zwischen B\u00fcrgerverein und W\u00e4hlergemeinschaft<\/h2>\n\n\n\n<p>Der geplante B\u00fcrgerverein und die W\u00e4hlergemeinschaft verfolgen unterschiedliche Aufgaben.<\/p>\n\n\n\n<p>Die W\u00e4hlergemeinschaft ist eine politische Vereinigung, die Wahlvorschl\u00e4ge einreichen kann und bei der Kommunalwahl 2026 mit einer eigenen Liste antreten m\u00f6chte. Nach der Wahl w\u00fcrden gew\u00e4hlte Mitglieder im Gemeinderat sowie gegebenenfalls im Rat der Samtgemeinde Baddeckenstedt t\u00e4tig werden.<\/p>\n\n\n\n<p>Der B\u00fcrgerverein hingegen ist als gesellschaftliche Organisation gedacht. Er soll Menschen zusammenbringen, die sich f\u00fcr das Leben im Ort engagieren m\u00f6chten, ohne selbst f\u00fcr ein politisches Mandat zu kandidieren. \u00dcber den Namen des Vereins, seine organisatorische Struktur und inhaltliche Schwerpunkte soll in der Gr\u00fcndungsversammlung beraten werden.<\/p>\n\n\n\n<h2 class=\"wp-block-heading\">Ablauf der Aufstellungsversammlung<\/h2>\n\n\n\n<p>Bei der Aufstellungsversammlung der W\u00e4hlergemeinschaft am 18. M\u00e4rz 2026 stehen mehrere formale Schritte an. Zun\u00e4chst wird die ordnungsgem\u00e4\u00dfe Einladung und Beschlussf\u00e4higkeit festgestellt. Anschlie\u00dfend werden eine Versammlungsleitung sowie eine Schriftf\u00fchrung gew\u00e4hlt.<\/p>\n\n\n\n<p>Danach entscheiden die Mitglieder \u00fcber das Verfahren zur Aufstellung der Bewerberinnen und Bewerber. Im Anschluss stellen sich die Kandidatinnen und Kandidaten vor. Die Wahl der Bewerberinnen und Bewerber sowie die Festlegung der Reihenfolge auf dem Wahlvorschlag erfolgt in geheimer Abstimmung.<\/p>\n\n\n\n<p>Stimmberechtigt sind alle Mitglieder der W\u00e4hlergemeinschaft, die zum Zeitpunkt der Versammlung im Wahlgebiet wohnen und nach dem Kommunalwahlrecht wahlberechtigt sind.<\/p>\n\n\n\n<h2 class=\"wp-block-heading\">Einladung an interessierte B\u00fcrgerinnen und B\u00fcrger<\/h2>\n\n\n\n<p>Arno Festerling, Sprecher der Initiative, wirbt um Teilnahme an den Versammlungen. In einer Nachricht an k\u00fcnftige Mitglieder der W\u00e4hlergemeinschaft hei\u00dft es: \u201eEure Teilnahme an der Versammlung bedeutet ein motivierendes Signal an uns Initiatoren.\u201c<\/p>\n\n\n\n<p>Auch B\u00fcrgerinnen und B\u00fcrger, die sich bislang noch nicht intensiver mit dem Thema besch\u00e4ftigt haben, k\u00f6nnen die Termine nutzen, um sich zu informieren. Die Gr\u00fcndungsversammlung des B\u00fcrgervereins am 16. M\u00e4rz steht allen Interessierten offen.<\/p>\n\n\n\n<p>Die Veranstaltungen sollen einen \u00dcberblick \u00fcber Ziele und Arbeitsweise der neuen Initiativen geben und zugleich die organisatorischen Grundlagen f\u00fcr die Teilnahme an der Kommunalwahl 2026 schaffen.<\/p>\n\n\n\n<p><\/p>\n","protected":false},"excerpt":{"rendered":"<p>Am 16. und 18. M\u00e4rz 2026 finden im Sportheim des SSV Sehlde zwei wichtige Versammlungen statt. Dabei werden ein B\u00fcrgerverein gegr\u00fcndet und die W\u00e4hlergemeinschaft f\u00fcr die Kommunalwahl 2026 aufgestellt. Interessierte &#8230; <a title=\"Zwei Gr\u00fcndungstermine f\u00fcr W\u00e4hlergemeinschaft und B\u00fcrgerverein in Sehlde\" class=\"read-more\" href=\"https:\/\/sehlde.info\/content\/2026\/03\/zwei-gruendungstermine-fuer-waehlergemeinschaft-und-buergerverein-in-sehlde\/\" aria-label=\"Mehr Informationen \u00fcber Zwei Gr\u00fcndungstermine f\u00fcr W\u00e4hlergemeinschaft und B\u00fcrgerverein in Sehlde\">Weiterlesen<\/a><\/p>\n","protected":false},"author":2,"featured_media":4773,"comment_status":"open","ping_status":"open","sticky":false,"template":"","format":"standard","meta":{"footnotes":"","jetpack_publicize_message":"","jetpack_publicize_feature_enabled":true,"jetpack_social_post_already_shared":true,"jetpack_social_options":{"image_generator_settings":{"template":"highway","default_image_id":0,"font":"","enabled":false},"version":2}},"categories":[1,131,396,3],"tags":[432,397,268,271,413,60,427],"class_list":["post-4810","post","type-post","status-publish","format-standard","has-post-thumbnail","hentry","category-allgemein","category-ankuendigung","category-buergerverein","category-dorfleben","tag-buergerengagement-sehlde","tag-buergerverein-sehlde","tag-gemeinderat-sehlde","tag-kommunalwahl-2026","tag-samtgemeinde-baddeckenstedt","tag-sehlde","tag-waehlergemeinschaft-sehlde"],"jetpack_publicize_connections":[],"_links":{"self":[{"href":"https:\/\/sehlde.info\/content\/wp-json\/wp\/v2\/posts\/4810","targetHints":{"allow":["GET"]}}],"collection":[{"href":"https:\/\/sehlde.info\/content\/wp-json\/wp\/v2\/posts"}],"about":[{"href":"https:\/\/sehlde.info\/content\/wp-json\/wp\/v2\/types\/post"}],"author":[{"embeddable":true,"href":"https:\/\/sehlde.info\/content\/wp-json\/wp\/v2\/users\/2"}],"replies":[{"embeddable":true,"href":"https:\/\/sehlde.info\/content\/wp-json\/wp\/v2\/comments?post=4810"}],"version-history":[{"count":1,"href":"https:\/\/sehlde.info\/content\/wp-json\/wp\/v2\/posts\/4810\/revisions"}],"predecessor-version":[{"id":4811,"href":"https:\/\/sehlde.info\/content\/wp-json\/wp\/v2\/posts\/4810\/revisions\/4811"}],"wp:featuredmedia":[{"embeddable":true,"href":"https:\/\/sehlde.info\/content\/wp-json\/wp\/v2\/media\/4773"}],"wp:attachment":[{"href":"https:\/\/sehlde.info\/content\/wp-json\/wp\/v2\/media?parent=4810"}],"wp:term":[{"taxonomy":"category","embeddable":true,"href":"https:\/\/sehlde.info\/content\/wp-json\/wp\/v2\/categories?post=4810"},{"taxonomy":"post_tag","embeddable":true,"href":"https:\/\/sehlde.info\/content\/wp-json\/wp\/v2\/tags?post=4810"}],"curies":[{"name":"wp","href":"https:\/\/api.w.org\/{rel}","templated":true}]}}