{"id":5418,"date":"2026-09-04T11:00:00","date_gmt":"2026-09-04T09:00:00","guid":{"rendered":"https:\/\/sehlde.info\/content\/?p=5418"},"modified":"2026-09-03T20:08:21","modified_gmt":"2026-09-03T18:08:21","slug":"politischer-nachmittag-in-sehlde-drei-kandidaten-viele-themen-und-gespraeche","status":"publish","type":"post","link":"https:\/\/sehlde.info\/content\/2026\/09\/politischer-nachmittag-in-sehlde-drei-kandidaten-viele-themen-und-gespraeche\/","title":{"rendered":"Politischer Nachmittag in Sehlde: Drei Kandidaten, viele Themen und Gespr\u00e4che"},"content":{"rendered":"\n<p class=\"wp-block-paragraph\">Am 29. August 2026 stellten sich in Sehlde die drei Kandidaten f\u00fcr das Amt des Samtgemeindeb\u00fcrgermeisters sowie die Kandidatinnen und Kandidaten f\u00fcr Gemeinde- und Samtgemeinderat vor. Im Mittelpunkt standen die Zukunft der Samtgemeinde und der direkte Austausch mit den B\u00fcrgerinnen und B\u00fcrgern. #Sehlde #Kommunalwahl #Baddeckenstedt #Samtgemeinde #Politik<\/p>\n\n\n\n<!--more-->\n\n\n\n<p class=\"wp-block-paragraph\">Am 29. August 2026 hatten der B\u00fcrgerverein und die W\u00e4hlergemeinschaft Sehlde zu einem politischen Nachmittag eingeladen. Die Veranstaltung sollte den B\u00fcrgerinnen und B\u00fcrgern Gelegenheit geben, die drei Kandidaten f\u00fcr das Amt des Samtgemeindeb\u00fcrgermeisters kennenzulernen und sich ein Bild von ihren unterschiedlichen Schwerpunkten zu machen. Au\u00dferdem stellten sich die Kandidatinnen und Kandidaten f\u00fcr den Gemeinde- und Samtgemeinderat vor.<br><br>Den Auftakt machte um 16.00 Uhr Florian Becker. Er begr\u00fc\u00dfte die anwesenden B\u00fcrgerinnen und B\u00fcrger, die Kandidaten f\u00fcr das Amt des Samtgemeindeb\u00fcrgermeisters sowie die Kandidatinnen und Kandidaten f\u00fcr die beiden R\u00e4te. Auch B\u00fcrgermeisterin Annika Bollmeier nahm an der Veranstaltung teil. Becker dankte dem Sportverein Sehlde f\u00fcr die Bereitstellung der R\u00e4umlichkeiten und die Bewirtung sowie Thomas Wolf f\u00fcr die \u00dcbernahme der Moderation.<br><br>Becker blickte au\u00dferdem auf die schwierige Ausgangslage im Februar zur\u00fcck. Damals hatten sich lediglich vier Personen f\u00fcr eine Kandidatur zum Gemeinderat gefunden. Inzwischen treten 14 Menschen f\u00fcr den Gemeinderat an, drei davon zus\u00e4tzlich f\u00fcr den Samtgemeinderat.<\/p>\n\n\n\n<h2 class=\"wp-block-heading\">Kommunalwahl und politische Arbeit vor Ort<\/h2>\n\n\n\n<p class=\"wp-block-paragraph\">Arno Festerling informierte anschlie\u00dfend \u00fcber den Stand der Kommunalwahl. Dabei ging es unter anderem um die Bedeutung der W\u00e4hlerliste f\u00fcr die politische Selbstbestimmung Sehldes und um die Sitzverteilung in Gemeinde- und Samtgemeinderat. Die erforderlichen Wahlunterlagen seien fristgerecht eingereicht worden. Von der Samtgemeinde Baddeckenstedt habe es dazu eine positive R\u00fcckmeldung gegeben.<br><br>Anschlie\u00dfend richtete sich der Blick auf die drei Bewerber f\u00fcr das Amt des Samtgemeindeb\u00fcrgermeisters. Thomas Wolf stellte den Ablauf der Vorstellungsrunde vor. Jeder Kandidat hatte zehn Minuten Zeit, um Fragen aus einem zuvor \u00fcbermittelten Fragenkatalog zu beantworten. Die Reihenfolge war ausgelost worden.<\/p>\n\n\n\n<figure class=\"wp-block-image size-large\"><img loading=\"lazy\" decoding=\"async\" width=\"768\" height=\"1024\" src=\"https:\/\/sehlde.info\/content\/wp-content\/uploads\/2026\/09\/5418-Politischer-Nachmittag-1-768x1024.jpg\" alt=\"\" class=\"wp-image-5434\" srcset=\"https:\/\/sehlde.info\/content\/wp-content\/uploads\/2026\/09\/5418-Politischer-Nachmittag-1-768x1024.jpg 768w, https:\/\/sehlde.info\/content\/wp-content\/uploads\/2026\/09\/5418-Politischer-Nachmittag-1-225x300.jpg 225w, https:\/\/sehlde.info\/content\/wp-content\/uploads\/2026\/09\/5418-Politischer-Nachmittag-1-113x150.jpg 113w, https:\/\/sehlde.info\/content\/wp-content\/uploads\/2026\/09\/5418-Politischer-Nachmittag-1-1152x1536.jpg 1152w, https:\/\/sehlde.info\/content\/wp-content\/uploads\/2026\/09\/5418-Politischer-Nachmittag-1.jpg 1536w\" sizes=\"auto, (max-width: 768px) 100vw, 768px\" \/><\/figure>\n\n\n\n<p class=\"wp-block-paragraph\">Thematisch reichte die Runde weit \u00fcber einzelne kommunale Projekte hinaus. Gesprochen wurde \u00fcber Schulen und Kindertagesst\u00e4tten, Ganztagsbetreuung, die Attraktivit\u00e4t der Samtgemeinde f\u00fcr junge Familien, Angebote f\u00fcr Seniorinnen und Senioren, die finanzielle Situation, die Leistungsf\u00e4higkeit der Verwaltung und die Frage, wie sich die Samtgemeinde langfristig entwickeln soll.<br><br>Auch m\u00f6gliche strukturelle Ver\u00e4nderungen wie Fusionen, eine Einheitsgemeinde oder ein Wechsel des Landkreises geh\u00f6rten zu den angesprochenen Themen. Hinzu kamen der geplante Rathausneubau und die Frage, welche konkreten Vorhaben die Kandidaten im Falle ihrer Wahl angehen w\u00fcrden.<\/p>\n\n\n\n<h2 class=\"wp-block-heading\">Unterschiedliche Schwerpunkte der Kandidaten<\/h2>\n\n\n\n<p class=\"wp-block-paragraph\">Frederik Brandt, 37 Jahre alt und amtierender Samtgemeindeb\u00fcrgermeister, stellte unter anderem die weitere Digitalisierung der Verwaltung heraus. Verwaltungsleistungen sollten f\u00fcr die B\u00fcrgerinnen und B\u00fcrger einfacher zug\u00e4nglich werden.<br><br>Auch die medizinische Versorgung war Thema. Nach seinen Angaben sollen im Medizinischen Versorgungszentrum ab Oktober f\u00fcnf \u00c4rztinnen und \u00c4rzte t\u00e4tig sein. Dar\u00fcber hinaus betonte Brandt die Bedeutung des Ehrenamtes sowie des Brand-, Hochwasser- und Katastrophenschutzes.<br><br>Bei der Frage nach der Zukunft der Grundschule Sehlde wurde Brandt konkret. Er erkl\u00e4rte, dass der derzeitige Schulstandort langfristig nicht erhalten werden k\u00f6nne. F\u00fcr einen m\u00f6glichen Neubau nannte er ein Investitionsvolumen von rund 20 Millionen Euro. Als notwendige Ma\u00dfnahmen am bestehenden Geb\u00e4ude wurden unter anderem Brandschutz, Barrierefreiheit und Inklusion genannt. Ein neuer Standort sei noch nicht festgelegt. In der Fragerunde sch\u00e4tzte Brandt, dass die Grundschule in Sehlde noch etwa f\u00fcnf bis sieben Jahre bestehen bleiben werde.<br><br>Gerhard Schrader, 51 Jahre alt und Kandidat der Linken, richtete den Blick vor allem auf die Vielzahl gr\u00f6\u00dferer Vorhaben. Neben einem m\u00f6glichen Schulneubau nannte er den Rathausneubau und einen Neubau f\u00fcr die Feuerwehr. Aus seiner Sicht m\u00fcsse zun\u00e4chst gekl\u00e4rt werden, welche Projekte Vorrang haben. Eine Priorit\u00e4tenliste solle dabei helfen, die anstehenden Aufgaben strukturiert abzuarbeiten.<br><br>Stephan Grenz, 55 Jahre alt, Diplom-Verwaltungswirt und Kandidat der SPD, setzte einen Schwerpunkt auf die Zusammenarbeit innerhalb der Samtgemeinde. Die Kommunikation zwischen der Samtgemeinde und ihren Mitgliedsgemeinden m\u00fcsse verbessert werden.<br><br>Grenz verwies au\u00dferdem auf den Fachkr\u00e4ftemangel und die Konkurrenz anderer Beh\u00f6rden um qualifizierte Besch\u00e4ftigte. F\u00f6rdermittel m\u00fcssten effizienter eingeworben und Projekte schneller umgesetzt werden. Auch die gesetzlichen Rahmenbedingungen und das vorhandene technische Fachwissen seien f\u00fcr die weitere Entwicklung der Samtgemeinde von Bedeutung.<\/p>\n\n\n\n<h2 class=\"wp-block-heading\">Fragen aus dem Publikum<\/h2>\n\n\n\n<p class=\"wp-block-paragraph\">Nach den Vorstellungen konnten die B\u00fcrgerinnen und B\u00fcrger selbst Fragen stellen. Dabei wurden die zuvor angesprochenen Themen teilweise konkreter.<br><br>Neben der Zukunft der Grundschule ging es unter anderem um die Betreuungssituation in Kindertagesst\u00e4tten, Krippengeb\u00fchren und die Samtgemeindeumlage.<br><br>Gerhard Schrader wurde gefragt, welche drei Themen er im Falle seiner Wahl zuerst angehen w\u00fcrde. Er nannte die Umsetzung des bereits beschlossenen Jugendparlaments, die Erstellung einer Priorit\u00e4tenliste und das Einholen weiterer Informationen, um Entscheidungen auf einer m\u00f6glichst fundierten Grundlage treffen zu k\u00f6nnen.<br><br>Auch der Hochwasserschutz wurde angesprochen. Stephan Grenz verwies darauf, dass mehrere Gemeinden der Samtgemeinde von den Folgen starker Regenereignisse betroffen seien. Regenr\u00fcckhaltebecken, Objektschutz und weitere Schutzma\u00dfnahmen seien m\u00f6gliche Handlungsfelder. Gleichzeitig sei eine engere Zusammenarbeit mit dem Wasserverband erforderlich.<br><br>Die Podiumsdiskussion zeigte damit unterschiedliche Schwerpunkte der drei Bewerber: W\u00e4hrend Brandt unter anderem auf die Weiterentwicklung bestehender Angebote und die Digitalisierung verwies, stellte Schrader die Priorisierung der anstehenden Gro\u00dfprojekte heraus. Grenz legte seinen Schwerpunkt st\u00e4rker auf Zusammenarbeit, Verwaltung, Fachkr\u00e4fte und die Umsetzung von Projekten.<\/p>\n\n\n\n<h2 class=\"wp-block-heading\">Kandidatinnen und Kandidaten f\u00fcr die R\u00e4te<\/h2>\n\n\n\n<p class=\"wp-block-paragraph\">Nach der Podiumsdiskussion stellten sich die Kandidatinnen und Kandidaten f\u00fcr den Gemeinde- und Samtgemeinderat pers\u00f6nlich vor.<br><br>F\u00fcr den Gemeinderat kandidieren Annika Bollmeier, Carsten Baumann, Florian Becker, Marco Harneit, Steven Ohnheiser, Wolfgang P\u00f6hlmann, Thomas Klenke, Charlotte Tilch, Lasse Stoschek-Brunke, Clemens Bongen und Sven Godescheit.<br><br>Arno Festerling, Bernd Schwager und Bernhard Bellmer kandidieren sowohl f\u00fcr den Gemeinderat als auch f\u00fcr den Samtgemeinderat.<br><br>Damit wurde am Nachmittag nicht nur die Wahl des Samtgemeindeb\u00fcrgermeisters thematisiert. Die Veranstaltung gab zugleich einen \u00dcberblick dar\u00fcber, welche Personen aus Sehlde bei der Kommunalwahl f\u00fcr die kommunalen Gremien zur Wahl stehen.<\/p>\n\n\n\n<figure class=\"wp-block-image size-large\"><img loading=\"lazy\" decoding=\"async\" width=\"1530\" height=\"1146\" src=\"https:\/\/sehlde.info\/content\/wp-content\/uploads\/2026\/09\/1000269864-edited.jpg\" alt=\"\" class=\"wp-image-5440\" srcset=\"https:\/\/sehlde.info\/content\/wp-content\/uploads\/2026\/09\/1000269864-edited.jpg 1530w, https:\/\/sehlde.info\/content\/wp-content\/uploads\/2026\/09\/1000269864-edited-300x225.jpg 300w, https:\/\/sehlde.info\/content\/wp-content\/uploads\/2026\/09\/1000269864-edited-1024x767.jpg 1024w, https:\/\/sehlde.info\/content\/wp-content\/uploads\/2026\/09\/1000269864-edited-150x112.jpg 150w, https:\/\/sehlde.info\/content\/wp-content\/uploads\/2026\/09\/1000269864-edited-768x575.jpg 768w\" sizes=\"auto, (max-width: 1530px) 100vw, 1530px\" \/><\/figure>\n\n\n\n<h2 class=\"wp-block-heading\">Pers\u00f6nliche Gespr\u00e4che zum Abschluss<\/h2>\n\n\n\n<p class=\"wp-block-paragraph\">Nach dem offiziellen Programm informierte der B\u00fcrgerverein \u00fcber bevorstehende Aktivit\u00e4ten. Anschlie\u00dfend boten Getr\u00e4nke und Grillgut Gelegenheit zum weiteren Austausch.<br><br>Dabei blieben auch Frederik Brandt, Stephan Grenz und Gerhard Schrader vor Ort und standen f\u00fcr pers\u00f6nliche Gespr\u00e4che zur Verf\u00fcgung. F\u00fcr die Besucherinnen und Besucher bestand damit die M\u00f6glichkeit, Fragen noch einmal direkt und abseits der Podiumsdiskussion anzusprechen.<br><br>Der politische Nachmittag verband damit Informationen zur Kommunalwahl mit einer \u00f6ffentlichen Diskussion und anschlie\u00dfendem pers\u00f6nlichen Austausch. F\u00fcr die Sehlderinnen und Sehlder bot die Veranstaltung zugleich die Gelegenheit, nicht nur die Kandidaten f\u00fcr das Amt des Samtgemeindeb\u00fcrgermeisters, sondern auch die Bewerberinnen und Bewerber f\u00fcr die kommunalen R\u00e4te kennenzulernen. Fotos: Thomas Klenke und Florian Becker<\/p>\n","protected":false},"excerpt":{"rendered":"<p>Am 29. August 2026 stellten sich in Sehlde die drei Kandidaten f\u00fcr das Amt des Samtgemeindeb\u00fcrgermeisters sowie die Kandidatinnen und Kandidaten f\u00fcr Gemeinde- und Samtgemeinderat vor. Im Mittelpunkt standen die &#8230; <a title=\"Politischer Nachmittag in Sehlde: Drei Kandidaten, viele Themen und Gespr\u00e4che\" class=\"read-more\" href=\"https:\/\/sehlde.info\/content\/2026\/09\/politischer-nachmittag-in-sehlde-drei-kandidaten-viele-themen-und-gespraeche\/\" aria-label=\"Mehr Informationen \u00fcber Politischer Nachmittag in Sehlde: Drei Kandidaten, viele Themen und Gespr\u00e4che\">Weiterlesen<\/a><\/p>\n","protected":false},"author":3,"featured_media":5435,"comment_status":"open","ping_status":"open","sticky":false,"template":"","format":"standard","meta":{"footnotes":"","jetpack_publicize_message":"","jetpack_publicize_feature_enabled":true,"jetpack_social_post_already_shared":true,"jetpack_social_options":{"image_generator_settings":{"template":"highway","default_image_id":0,"font":"","enabled":false},"version":2}},"categories":[3,396,454],"tags":[134],"class_list":["post-5418","post","type-post","status-publish","format-standard","has-post-thumbnail","hentry","category-dorfleben","category-buergerverein","category-rathaus-region","tag-grundschule"],"jetpack_publicize_connections":[],"_links":{"self":[{"href":"https:\/\/sehlde.info\/content\/wp-json\/wp\/v2\/posts\/5418","targetHints":{"allow":["GET"]}}],"collection":[{"href":"https:\/\/sehlde.info\/content\/wp-json\/wp\/v2\/posts"}],"about":[{"href":"https:\/\/sehlde.info\/content\/wp-json\/wp\/v2\/types\/post"}],"author":[{"embeddable":true,"href":"https:\/\/sehlde.info\/content\/wp-json\/wp\/v2\/users\/3"}],"replies":[{"embeddable":true,"href":"https:\/\/sehlde.info\/content\/wp-json\/wp\/v2\/comments?post=5418"}],"version-history":[{"count":5,"href":"https:\/\/sehlde.info\/content\/wp-json\/wp\/v2\/posts\/5418\/revisions"}],"predecessor-version":[{"id":5442,"href":"https:\/\/sehlde.info\/content\/wp-json\/wp\/v2\/posts\/5418\/revisions\/5442"}],"wp:featuredmedia":[{"embeddable":true,"href":"https:\/\/sehlde.info\/content\/wp-json\/wp\/v2\/media\/5435"}],"wp:attachment":[{"href":"https:\/\/sehlde.info\/content\/wp-json\/wp\/v2\/media?parent=5418"}],"wp:term":[{"taxonomy":"category","embeddable":true,"href":"https:\/\/sehlde.info\/content\/wp-json\/wp\/v2\/categories?post=5418"},{"taxonomy":"post_tag","embeddable":true,"href":"https:\/\/sehlde.info\/content\/wp-json\/wp\/v2\/tags?post=5418"}],"curies":[{"name":"wp","href":"https:\/\/api.w.org\/{rel}","templated":true}]}}