{"id":835,"date":"2017-04-17T11:32:19","date_gmt":"2017-04-17T09:32:19","guid":{"rendered":"http:\/\/sehlde.info\/content\/?p=835"},"modified":"2025-06-16T10:36:13","modified_gmt":"2025-06-16T08:36:13","slug":"frewillige-feuerwehr-laedt-zum-maibaumfest","status":"publish","type":"post","link":"https:\/\/sehlde.info\/content\/2017\/04\/frewillige-feuerwehr-laedt-zum-maibaumfest\/","title":{"rendered":"Frewillige Feuerwehr l\u00e4dt zum Maibaumfest"},"content":{"rendered":"<blockquote><p>Diese Veranstaltung hat bereits stattgefunden. Schau doch einfach <a href=\"https:\/\/sehlde.info\/content\/events\/kategorie\/freiwillige-feuerwehr\/\">HIER<\/a> nach kommenden Veranstaltungen der Freiwilligen Feuerwehr Sehlde.<\/p><\/blockquote>\n<p>Das Aufrichten eines Maibaumes ist vor allem in Ostfriesland, dem Emsland, dem Rheinland und den s\u00fcdlichen Bundesl\u00e4ndern Brauch. Nun kommt diese Jahrhunderte alte Tradition auch nach Sehlde an der Innerste.\u00a0Die Freiwillige Feuerwehr Sehlde l\u00e4dt <strong>am 30. April<\/strong> alle interessierten zum Maibaumfest ein. Gefeiert wird <strong>ab 16.00 Uhr am Feuerwehrhaus am Sehlder Friedhof<\/strong>.<\/p>\n<p>Traditionell wird der Maibaum am Vorabend des 1. Mai aufgerichtet und ist ein sch\u00f6n geschm\u00fcckter Baum, der mittels Muskelkraft aufgerichtet wird. Im gibt es in vielen D\u00f6rfern ein Dorffest. Alternativ kann der Maibaum auch an Pfingsten, oder wie in Skandinavien \u00fcblich, am Johannistag aufgestellt werden. Dort hei\u00dft dieses Fest dann \u00fcbrigens Midmomar. Anstelle von Kartoffeln mit Hering, Sauerrahm, Schnittlauch und Kn\u00e4ckebrotm wie man es in Schweden ist, gibt es in Sehlde die &#8222;typisch nieders\u00e4chsische K\u00fcche&#8220; mit Bratwurst im Br\u00f6tchen, k\u00fchlen Getr\u00e4nken und Maibowle.<\/p>\n<p><a href=\"https:\/\/sehlde.info\/content\/event\/maibaumfest-oeffentlich\/\">Details<\/a><\/p>\n<figure id=\"attachment_833\" aria-describedby=\"caption-attachment-833\" style=\"width: 595px\" class=\"wp-caption aligncenter\"><a href=\"http:\/\/sehlde.info\/content\/wp-content\/uploads\/2017\/04\/170430-FF-Mailbaumfest-Plakat.png\"><img loading=\"lazy\" decoding=\"async\" class=\"wp-image-833 size-large\" src=\"http:\/\/sehlde.info\/content\/wp-content\/uploads\/2017\/04\/170430-FF-Mailbaumfest-Plakat-723x1024.png\" alt=\"\" width=\"605\" height=\"857\" srcset=\"https:\/\/sehlde.info\/content\/wp-content\/uploads\/2017\/04\/170430-FF-Mailbaumfest-Plakat-723x1024.png 723w, https:\/\/sehlde.info\/content\/wp-content\/uploads\/2017\/04\/170430-FF-Mailbaumfest-Plakat-106x150.png 106w, https:\/\/sehlde.info\/content\/wp-content\/uploads\/2017\/04\/170430-FF-Mailbaumfest-Plakat-212x300.png 212w, https:\/\/sehlde.info\/content\/wp-content\/uploads\/2017\/04\/170430-FF-Mailbaumfest-Plakat-768x1088.png 768w, https:\/\/sehlde.info\/content\/wp-content\/uploads\/2017\/04\/170430-FF-Mailbaumfest-Plakat-100x142.png 100w, https:\/\/sehlde.info\/content\/wp-content\/uploads\/2017\/04\/170430-FF-Mailbaumfest-Plakat-150x213.png 150w, https:\/\/sehlde.info\/content\/wp-content\/uploads\/2017\/04\/170430-FF-Mailbaumfest-Plakat-200x283.png 200w, https:\/\/sehlde.info\/content\/wp-content\/uploads\/2017\/04\/170430-FF-Mailbaumfest-Plakat-300x425.png 300w, https:\/\/sehlde.info\/content\/wp-content\/uploads\/2017\/04\/170430-FF-Mailbaumfest-Plakat-450x638.png 450w, https:\/\/sehlde.info\/content\/wp-content\/uploads\/2017\/04\/170430-FF-Mailbaumfest-Plakat-600x850.png 600w, https:\/\/sehlde.info\/content\/wp-content\/uploads\/2017\/04\/170430-FF-Mailbaumfest-Plakat-900x1275.png 900w, https:\/\/sehlde.info\/content\/wp-content\/uploads\/2017\/04\/170430-FF-Mailbaumfest-Plakat.png 1394w\" sizes=\"auto, (max-width: 605px) 100vw, 605px\" \/><\/a><figcaption id=\"caption-attachment-833\" class=\"wp-caption-text\">Frewillige Feuerwehr Sehlde l\u00e4dt am 30. April 2017 erstmalig zum Maibaumfest<\/figcaption><\/figure>\n","protected":false},"excerpt":{"rendered":"<p>Diese Veranstaltung hat bereits stattgefunden. Schau doch einfach HIER nach kommenden Veranstaltungen der Freiwilligen Feuerwehr Sehlde. Das Aufrichten eines Maibaumes ist vor allem in Ostfriesland, dem Emsland, dem Rheinland und &#8230; <a title=\"Frewillige Feuerwehr l\u00e4dt zum Maibaumfest\" class=\"read-more\" href=\"https:\/\/sehlde.info\/content\/2017\/04\/frewillige-feuerwehr-laedt-zum-maibaumfest\/\" aria-label=\"Mehr Informationen \u00fcber Frewillige Feuerwehr l\u00e4dt zum Maibaumfest\">Weiterlesen<\/a><\/p>\n","protected":false},"author":2,"featured_media":833,"comment_status":"open","ping_status":"open","sticky":false,"template":"","format":"standard","meta":{"footnotes":"","jetpack_publicize_message":"","jetpack_publicize_feature_enabled":true,"jetpack_social_post_already_shared":false,"jetpack_social_options":{"image_generator_settings":{"template":"highway","default_image_id":0,"font":"","enabled":false},"version":2}},"categories":[1,3,5,27],"tags":[],"class_list":["post-835","post","type-post","status-publish","format-standard","has-post-thumbnail","hentry","category-allgemein","category-dorfleben","category-feuerwehr","category-freizeit"],"jetpack_publicize_connections":[],"_links":{"self":[{"href":"https:\/\/sehlde.info\/content\/wp-json\/wp\/v2\/posts\/835","targetHints":{"allow":["GET"]}}],"collection":[{"href":"https:\/\/sehlde.info\/content\/wp-json\/wp\/v2\/posts"}],"about":[{"href":"https:\/\/sehlde.info\/content\/wp-json\/wp\/v2\/types\/post"}],"author":[{"embeddable":true,"href":"https:\/\/sehlde.info\/content\/wp-json\/wp\/v2\/users\/2"}],"replies":[{"embeddable":true,"href":"https:\/\/sehlde.info\/content\/wp-json\/wp\/v2\/comments?post=835"}],"version-history":[{"count":8,"href":"https:\/\/sehlde.info\/content\/wp-json\/wp\/v2\/posts\/835\/revisions"}],"predecessor-version":[{"id":1504,"href":"https:\/\/sehlde.info\/content\/wp-json\/wp\/v2\/posts\/835\/revisions\/1504"}],"wp:featuredmedia":[{"embeddable":true,"href":"https:\/\/sehlde.info\/content\/wp-json\/wp\/v2\/media\/833"}],"wp:attachment":[{"href":"https:\/\/sehlde.info\/content\/wp-json\/wp\/v2\/media?parent=835"}],"wp:term":[{"taxonomy":"category","embeddable":true,"href":"https:\/\/sehlde.info\/content\/wp-json\/wp\/v2\/categories?post=835"},{"taxonomy":"post_tag","embeddable":true,"href":"https:\/\/sehlde.info\/content\/wp-json\/wp\/v2\/tags?post=835"}],"curies":[{"name":"wp","href":"https:\/\/api.w.org\/{rel}","templated":true}]}}