{"id":851,"date":"2017-05-03T20:02:43","date_gmt":"2017-05-03T18:02:43","guid":{"rendered":"http:\/\/sehlde.info\/content\/?p=851"},"modified":"2025-06-16T10:36:12","modified_gmt":"2025-06-16T08:36:12","slug":"die-kinderfeuerwehr-sehlde-feiert-ihr-10-jaehriges-bestehen","status":"publish","type":"post","link":"https:\/\/sehlde.info\/content\/2017\/05\/die-kinderfeuerwehr-sehlde-feiert-ihr-10-jaehriges-bestehen\/","title":{"rendered":"Die Kinderfeuerwehr Sehlde feiert ihr 10-j\u00e4hriges Bestehen"},"content":{"rendered":"<p>Diese Veranstaltung hat bereits stattgefunden. Schau doch einfach <a href=\"https:\/\/sehlde.info\/content\/events\/kategorie\/freiwillige-feuerwehr\/\">HIER<\/a> nach kommenden Veranstaltungen der Freiwilligen Feuerwehr Sehlde.<\/p>\n<p>von Lukas Achilles<\/p>\n<p>Die Kinderfeuerwehr Sehlde feiert am Samstag, den 13.05.2017 ab 13 Uhr, ihr 10-j\u00e4hriges Bestehen. Dazu sind Sie recht herzlich eingeladen.<\/p>\n<p>Am 12.05.2007 wurde die Kinderfeuerwehr, noch unter der Leitung von Brigitte Schwager gegr\u00fcndet. Angefangen mit 15 Kindern, zwischen sechs und zehn Jahren, entwickelte sich die Kinderfeuerwehr zu einem Anlaufpunkt mit viel Spa\u00df und Potential, das bis heute noch anh\u00e4lt.<a href=\"http:\/\/sehlde.info\/content\/wp-content\/uploads\/2017\/05\/Plakat-KF-Jubil\u00e4um-2017.jpg\"><img loading=\"lazy\" decoding=\"async\" class=\"alignleft size-medium wp-image-856\" src=\"http:\/\/sehlde.info\/content\/wp-content\/uploads\/2017\/05\/Plakat-KF-Jubil\u00e4um-2017-300x215.jpg\" alt=\"\" width=\"300\" height=\"215\" srcset=\"https:\/\/sehlde.info\/content\/wp-content\/uploads\/2017\/05\/Plakat-KF-Jubil\u00e4um-2017-300x215.jpg 300w, https:\/\/sehlde.info\/content\/wp-content\/uploads\/2017\/05\/Plakat-KF-Jubil\u00e4um-2017-150x108.jpg 150w, https:\/\/sehlde.info\/content\/wp-content\/uploads\/2017\/05\/Plakat-KF-Jubil\u00e4um-2017-768x551.jpg 768w, https:\/\/sehlde.info\/content\/wp-content\/uploads\/2017\/05\/Plakat-KF-Jubil\u00e4um-2017-100x72.jpg 100w, https:\/\/sehlde.info\/content\/wp-content\/uploads\/2017\/05\/Plakat-KF-Jubil\u00e4um-2017-200x144.jpg 200w, https:\/\/sehlde.info\/content\/wp-content\/uploads\/2017\/05\/Plakat-KF-Jubil\u00e4um-2017-450x323.jpg 450w, https:\/\/sehlde.info\/content\/wp-content\/uploads\/2017\/05\/Plakat-KF-Jubil\u00e4um-2017-600x431.jpg 600w, https:\/\/sehlde.info\/content\/wp-content\/uploads\/2017\/05\/Plakat-KF-Jubil\u00e4um-2017.jpg 832w\" sizes=\"auto, (max-width: 300px) 100vw, 300px\" \/><\/a><\/p><div id=\"sehld-4134714592\" class=\"sehld-inline sehld-entity-placement\" style=\"margin-top: 2px;margin-right: 2px;margin-bottom: 2px;margin-left: 2px;\"><div style=\"\r\n  width: 100%;\r\n  height: 30vh;\r\n  max-height: 250px;\r\n  background-color: #d4edda;\r\n  border: 1px solid #c3e6cb;\r\n  box-sizing: border-box;\r\n\">\r\n<\/div><\/div>\n<p>In den 10 Jahren blieben nat\u00fcrlich auch einige personelle \u00c4nderungen nicht aus. Von 2009 bis 2016 stand die Kinderfeuerwehr Sehlde daher unter der Leitung von Tatjana P\u00f6hlmann,\u00a0 welche mit gro\u00dfem Engagement die freiwillige Kinderfeuerwehr Sehlde weiter ausbaute. Heute befindet sich die Leitung der Kinderfeuerwehr in der Hand von Heike Basse und Lukas Achilles. Ihnen ist es ein gro\u00dfes Anliegen, die Kinderfeuerwehr weiter aufzubauen und Sie damit f\u00fcr die n\u00e4chste Generation noch attraktiver zu machen.<\/p>\n<p>Denn die Arbeit in der Kinderfeuerwehr zahlt sich aus. Im Jahr 2015 konnten die ersten Gr\u00fcndungsmitglieder der Kinderfeuerwehr, Lukas Achilles, Malte und Leif Berkefeld in den aktiven Feuerwehrdienst \u00fcbernommen werden, w\u00e4hrend weitere folgen werden.<\/p>\n<p>In einem feierlichen Rahmen sollen am Samstag, den 13.05.2017 diese Erfolge\u00a0 gefeiert werden.\u00a0 Am Morgen findet ein Geschicklichkeitsparcours, bei der Feuerwehr \u201eLeistungsmarsch\u201c genannt mit den Kinderfeuerwehren der Samtgemeinde statt. Das sind die Kinderfeuerwehren aus Oelber und Burgdorf so wie die Kinderfeuerwehr aus Sehlde.\u00a0 Nach dem Leistungsmarsch, wird ab 13.00 Uhr die Siegerehrung stattfinden, zu welcher Sie recht herzlich eingeladen sind. Als Ehreng\u00e4ste erwarten wir unseren Kreisbrandmeister Tobias Thurau so wie\u00a0\u00a0 mehrere G\u00e4ste der Politik und Feuerwehr.<\/p>\n<p>F\u00fcr das Leibliche Wohl, wie auch f\u00fcr Spiel und Spa\u00df ist gesorgt.<\/p>\n<p>Sollten Sie jetzt Lust auf mehr bekommen haben, dann schauen Sie doch einfach am Samstag, den 13.05.2017 ab 13.00 Uhr am Feuerwehrhaus Sehlde vorbei. Die Kinderfeuerwehr freut sich auf Sie.<\/p>\n<p><a href=\"https:\/\/sehlde.info\/content\/event\/10-jahre-kinderfeuerwehr\/\" target=\"_blank\" rel=\"noopener noreferrer\">Termin \u00f6ffnen<\/a><\/p>\n<p>&nbsp;<\/p>\n","protected":false},"excerpt":{"rendered":"<p>Diese Veranstaltung hat bereits stattgefunden. Schau doch einfach HIER nach kommenden Veranstaltungen der Freiwilligen Feuerwehr Sehlde. von Lukas Achilles Die Kinderfeuerwehr Sehlde feiert am Samstag, den 13.05.2017 ab 13 Uhr, &#8230; <a title=\"Die Kinderfeuerwehr Sehlde feiert ihr 10-j\u00e4hriges Bestehen\" class=\"read-more\" href=\"https:\/\/sehlde.info\/content\/2017\/05\/die-kinderfeuerwehr-sehlde-feiert-ihr-10-jaehriges-bestehen\/\" aria-label=\"Mehr Informationen \u00fcber Die Kinderfeuerwehr Sehlde feiert ihr 10-j\u00e4hriges Bestehen\">Weiterlesen<\/a><\/p>\n","protected":false},"author":2,"featured_media":856,"comment_status":"open","ping_status":"open","sticky":false,"template":"","format":"standard","meta":{"footnotes":"","jetpack_publicize_message":"","jetpack_publicize_feature_enabled":true,"jetpack_social_post_already_shared":false,"jetpack_social_options":{"image_generator_settings":{"template":"highway","default_image_id":0,"font":"","enabled":false},"version":2}},"categories":[3,5],"tags":[],"class_list":["post-851","post","type-post","status-publish","format-standard","has-post-thumbnail","hentry","category-dorfleben","category-feuerwehr"],"jetpack_publicize_connections":[],"_links":{"self":[{"href":"https:\/\/sehlde.info\/content\/wp-json\/wp\/v2\/posts\/851","targetHints":{"allow":["GET"]}}],"collection":[{"href":"https:\/\/sehlde.info\/content\/wp-json\/wp\/v2\/posts"}],"about":[{"href":"https:\/\/sehlde.info\/content\/wp-json\/wp\/v2\/types\/post"}],"author":[{"embeddable":true,"href":"https:\/\/sehlde.info\/content\/wp-json\/wp\/v2\/users\/2"}],"replies":[{"embeddable":true,"href":"https:\/\/sehlde.info\/content\/wp-json\/wp\/v2\/comments?post=851"}],"version-history":[{"count":6,"href":"https:\/\/sehlde.info\/content\/wp-json\/wp\/v2\/posts\/851\/revisions"}],"predecessor-version":[{"id":1505,"href":"https:\/\/sehlde.info\/content\/wp-json\/wp\/v2\/posts\/851\/revisions\/1505"}],"wp:featuredmedia":[{"embeddable":true,"href":"https:\/\/sehlde.info\/content\/wp-json\/wp\/v2\/media\/856"}],"wp:attachment":[{"href":"https:\/\/sehlde.info\/content\/wp-json\/wp\/v2\/media?parent=851"}],"wp:term":[{"taxonomy":"category","embeddable":true,"href":"https:\/\/sehlde.info\/content\/wp-json\/wp\/v2\/categories?post=851"},{"taxonomy":"post_tag","embeddable":true,"href":"https:\/\/sehlde.info\/content\/wp-json\/wp\/v2\/tags?post=851"}],"curies":[{"name":"wp","href":"https:\/\/api.w.org\/{rel}","templated":true}]}}